{"id":426,"date":"2020-09-18T21:47:24","date_gmt":"2020-09-18T19:47:24","guid":{"rendered":"https:\/\/www.elsapagano.it\/immagine\/?p=426"},"modified":"2020-09-21T16:33:02","modified_gmt":"2020-09-21T14:33:02","slug":"10-modi-per-indossare-la-stessa-gonna-in-seta","status":"publish","type":"post","link":"https:\/\/www.elsapagano.it\/immagine\/2020\/09\/18\/10-modi-per-indossare-la-stessa-gonna-in-seta\/","title":{"rendered":"10 modi per indossare la stessa gonna in seta"},"content":{"rendered":"\r\n<p>Come vi raccontavo nel post sulla capsule wardrobe, i capi chiave sono quei pezzi abbinabili in maniera trasversale:<\/p>\r\n\r\n\r\n\r\n<ul class=\"wp-block-list\">\r\n<li>a molteplici occasioni<\/li>\r\n<li>in diverse stagioni<\/li>\r\n<li>di giorno e di sera<\/li>\r\n<\/ul>\r\n\r\n\r\n\r\n<p>E &#8211; repetita iuvant \u2013 essendo i nostri fedeli alleati di stile, bisogna che siano:<\/p>\r\n\r\n\r\n\r\n<ul class=\"wp-block-list\">\r\n<li>in linea con i nostri colori amici;<\/li>\r\n<li>perfetti per la nostra silhouette;<\/li>\r\n<li>di alta qualit\u00e0;<\/li>\r\n<li>in tessuti termoregolatori.<\/li>\r\n<\/ul>\r\n\r\n\r\n\r\n<p>Oggi, sotto suggerimento di un\u2019amica curiosa, vi parlo di come abbinare un potenziale capo chiave: <strong>la gonna in seta<\/strong>.<\/p>\r\n\r\n\r\n\r\n<div class=\"wp-block-image\">\r\n<figure class=\"aligncenter is-resized\"><img loading=\"lazy\" decoding=\"async\" class=\"wp-image-427\" src=\"https:\/\/www.elsapagano.it\/immagine\/wp-content\/uploads\/2020\/09\/P00484221-906x1024.jpg\" alt=\"\" width=\"506\" height=\"571\" srcset=\"https:\/\/www.elsapagano.it\/immagine\/wp-content\/uploads\/2020\/09\/P00484221-906x1024.jpg 906w, https:\/\/www.elsapagano.it\/immagine\/wp-content\/uploads\/2020\/09\/P00484221-265x300.jpg 265w, https:\/\/www.elsapagano.it\/immagine\/wp-content\/uploads\/2020\/09\/P00484221-768x868.jpg 768w, https:\/\/www.elsapagano.it\/immagine\/wp-content\/uploads\/2020\/09\/P00484221-442x500.jpg 442w, https:\/\/www.elsapagano.it\/immagine\/wp-content\/uploads\/2020\/09\/P00484221.jpg 1925w\" sizes=\"auto, (max-width: 506px) 100vw, 506px\" \/><\/figure>\r\n<\/div>\r\n\r\n\r\n\r\n<p>Per i moltemplici esempi che seguiranno, ho scelto una gonna in raso di seta midi cipria, ma va da s\u00e9 che forma e colore dipendono sempre da voi. Ci\u00f2 che sicuramente vorrei spiegare \u00e8 come portare un pezzo che non pu\u00f2 essere sostituito da qualcosa di simile ma in materiale scadente, proprio perch\u00e9 la forza sta nella sua pregevolezza. Il senso \u00e8 quello di investire in una gonna in seta che ci rispecchi al 100% e di utilizzarla in tutti i modi possibili ed immaginabili, senza relegarla alle sole \u201coccasioni speciali\u201d, ma godendone anche nel quotidiano.<\/p>\r\n\r\n\r\n\r\n<p>Qui di seguito troveremo outfit diversi per stile, clima, occasione, tutti accomunati da un denominatore comune, che \u00e8 la richiesta che moltissime di voi mi fanno in sede di analisi dello stile: apparire curate, non banali, autentiche.<\/p>\r\n\r\n\r\n\r\n<p>Partiamo!<\/p>\r\n\r\n\r\n\r\n<h4 class=\"wp-block-heading\"><em>Classic,<\/em> da lavoro in ufficio o convention, con camicia liberty, decollet\u00e9 nude, borsa grande. Blazer sartoriale aperto o cappotto in cashmere, a seconda delle temperature.<\/h4>\r\n\r\n\r\n\r\n<figure class=\"wp-block-image\"><img loading=\"lazy\" decoding=\"async\" width=\"1024\" height=\"1024\" class=\"wp-image-428\" src=\"https:\/\/www.elsapagano.it\/immagine\/wp-content\/uploads\/2020\/09\/classic-gonna-seta-1-1024x1024.jpg\" alt=\"\" srcset=\"https:\/\/www.elsapagano.it\/immagine\/wp-content\/uploads\/2020\/09\/classic-gonna-seta-1-1024x1024.jpg 1024w, https:\/\/www.elsapagano.it\/immagine\/wp-content\/uploads\/2020\/09\/classic-gonna-seta-1-150x150.jpg 150w, https:\/\/www.elsapagano.it\/immagine\/wp-content\/uploads\/2020\/09\/classic-gonna-seta-1-300x300.jpg 300w, https:\/\/www.elsapagano.it\/immagine\/wp-content\/uploads\/2020\/09\/classic-gonna-seta-1-768x768.jpg 768w, https:\/\/www.elsapagano.it\/immagine\/wp-content\/uploads\/2020\/09\/classic-gonna-seta-1-500x500.jpg 500w\" sizes=\"auto, (max-width: 1024px) 100vw, 1024px\" \/><\/figure>\r\n\r\n\r\n\r\n<figure class=\"wp-block-image\"><img loading=\"lazy\" decoding=\"async\" width=\"1024\" height=\"1024\" class=\"wp-image-429\" src=\"https:\/\/www.elsapagano.it\/immagine\/wp-content\/uploads\/2020\/09\/classic-gonna-seta-2-1024x1024.jpg\" alt=\"\" srcset=\"https:\/\/www.elsapagano.it\/immagine\/wp-content\/uploads\/2020\/09\/classic-gonna-seta-2-1024x1024.jpg 1024w, https:\/\/www.elsapagano.it\/immagine\/wp-content\/uploads\/2020\/09\/classic-gonna-seta-2-150x150.jpg 150w, https:\/\/www.elsapagano.it\/immagine\/wp-content\/uploads\/2020\/09\/classic-gonna-seta-2-300x300.jpg 300w, https:\/\/www.elsapagano.it\/immagine\/wp-content\/uploads\/2020\/09\/classic-gonna-seta-2-768x768.jpg 768w, https:\/\/www.elsapagano.it\/immagine\/wp-content\/uploads\/2020\/09\/classic-gonna-seta-2-500x500.jpg 500w\" sizes=\"auto, (max-width: 1024px) 100vw, 1024px\" \/><\/figure>\r\n\r\n\r\n\r\n<h4 class=\"wp-block-heading\"><em> Sporty-chic<\/em>, da passeggio, con canotta marini\u00e8re, Birkenstock scamosciate e turbante in estate, t-shirt, felpa, sneakers ed ecopelliccia in inverno. Lo zainetto in pelle 365 giorni l&#8217;anno.<\/h4>\r\n\r\n\r\n\r\n<figure class=\"wp-block-image\"><img loading=\"lazy\" decoding=\"async\" width=\"1024\" height=\"1024\" class=\"wp-image-430\" src=\"https:\/\/www.elsapagano.it\/immagine\/wp-content\/uploads\/2020\/09\/sporty-chic-2-gonna-seta-2-1024x1024.jpg\" alt=\"\" srcset=\"https:\/\/www.elsapagano.it\/immagine\/wp-content\/uploads\/2020\/09\/sporty-chic-2-gonna-seta-2-1024x1024.jpg 1024w, https:\/\/www.elsapagano.it\/immagine\/wp-content\/uploads\/2020\/09\/sporty-chic-2-gonna-seta-2-150x150.jpg 150w, https:\/\/www.elsapagano.it\/immagine\/wp-content\/uploads\/2020\/09\/sporty-chic-2-gonna-seta-2-300x300.jpg 300w, https:\/\/www.elsapagano.it\/immagine\/wp-content\/uploads\/2020\/09\/sporty-chic-2-gonna-seta-2-768x768.jpg 768w, https:\/\/www.elsapagano.it\/immagine\/wp-content\/uploads\/2020\/09\/sporty-chic-2-gonna-seta-2-500x500.jpg 500w\" sizes=\"auto, (max-width: 1024px) 100vw, 1024px\" \/><\/figure>\r\n\r\n\r\n\r\n<figure class=\"wp-block-image\"><img loading=\"lazy\" decoding=\"async\" width=\"1024\" height=\"1024\" class=\"wp-image-431\" src=\"https:\/\/www.elsapagano.it\/immagine\/wp-content\/uploads\/2020\/09\/sporty-chic-gonna-seta-1-1024x1024.jpg\" alt=\"\" srcset=\"https:\/\/www.elsapagano.it\/immagine\/wp-content\/uploads\/2020\/09\/sporty-chic-gonna-seta-1-1024x1024.jpg 1024w, https:\/\/www.elsapagano.it\/immagine\/wp-content\/uploads\/2020\/09\/sporty-chic-gonna-seta-1-150x150.jpg 150w, https:\/\/www.elsapagano.it\/immagine\/wp-content\/uploads\/2020\/09\/sporty-chic-gonna-seta-1-300x300.jpg 300w, https:\/\/www.elsapagano.it\/immagine\/wp-content\/uploads\/2020\/09\/sporty-chic-gonna-seta-1-768x768.jpg 768w, https:\/\/www.elsapagano.it\/immagine\/wp-content\/uploads\/2020\/09\/sporty-chic-gonna-seta-1-500x500.jpg 500w\" sizes=\"auto, (max-width: 1024px) 100vw, 1024px\" \/><\/figure>\r\n\r\n\r\n\r\n<h4 class=\"wp-block-heading\"><em>Modern, <\/em>24h, con croptop e camicia in denim annodata, sandali flat o sneakers chiare platform, quando fa caldo, con t-shirt bianca, maglioncino in cashmere, cappotto in cashmere e anfibi, quando fa freddo. Il secchiello in tela nel primo caso, in pelle nel secondo.<\/h4>\r\n\r\n\r\n\r\n<figure class=\"wp-block-image\"><img loading=\"lazy\" decoding=\"async\" width=\"1024\" height=\"1024\" class=\"wp-image-433\" src=\"https:\/\/www.elsapagano.it\/immagine\/wp-content\/uploads\/2020\/09\/modern-gonna-seta-2-1024x1024.jpg\" alt=\"\" srcset=\"https:\/\/www.elsapagano.it\/immagine\/wp-content\/uploads\/2020\/09\/modern-gonna-seta-2-1024x1024.jpg 1024w, https:\/\/www.elsapagano.it\/immagine\/wp-content\/uploads\/2020\/09\/modern-gonna-seta-2-150x150.jpg 150w, https:\/\/www.elsapagano.it\/immagine\/wp-content\/uploads\/2020\/09\/modern-gonna-seta-2-300x300.jpg 300w, https:\/\/www.elsapagano.it\/immagine\/wp-content\/uploads\/2020\/09\/modern-gonna-seta-2-768x768.jpg 768w, https:\/\/www.elsapagano.it\/immagine\/wp-content\/uploads\/2020\/09\/modern-gonna-seta-2-500x500.jpg 500w\" sizes=\"auto, (max-width: 1024px) 100vw, 1024px\" \/><\/figure>\r\n\r\n\r\n\r\n<figure class=\"wp-block-image\"><img loading=\"lazy\" decoding=\"async\" width=\"1024\" height=\"1024\" class=\"wp-image-432\" src=\"https:\/\/www.elsapagano.it\/immagine\/wp-content\/uploads\/2020\/09\/modern-gonna-seta-1-1024x1024.jpg\" alt=\"\" srcset=\"https:\/\/www.elsapagano.it\/immagine\/wp-content\/uploads\/2020\/09\/modern-gonna-seta-1-1024x1024.jpg 1024w, https:\/\/www.elsapagano.it\/immagine\/wp-content\/uploads\/2020\/09\/modern-gonna-seta-1-150x150.jpg 150w, https:\/\/www.elsapagano.it\/immagine\/wp-content\/uploads\/2020\/09\/modern-gonna-seta-1-300x300.jpg 300w, https:\/\/www.elsapagano.it\/immagine\/wp-content\/uploads\/2020\/09\/modern-gonna-seta-1-768x768.jpg 768w, https:\/\/www.elsapagano.it\/immagine\/wp-content\/uploads\/2020\/09\/modern-gonna-seta-1-500x500.jpg 500w\" sizes=\"auto, (max-width: 1024px) 100vw, 1024px\" \/><\/figure>\r\n\r\n\r\n\r\n<h4 class=\"wp-block-heading\"><em>Romantic,<\/em> da occasione speciale. Se fa caldo, con top in pizzo e maglioncino per la brezza serale, sandali con tacco quadrato; se fa freddo, con maglioncino e cappotto in cashmere, stivali alti scamosciati. Tracolla trapuntata toni pastello perfetta in entrambi i casi.<\/h4>\r\n\r\n\r\n\r\n<figure class=\"wp-block-image\"><img loading=\"lazy\" decoding=\"async\" width=\"1024\" height=\"1024\" class=\"wp-image-435\" src=\"https:\/\/www.elsapagano.it\/immagine\/wp-content\/uploads\/2020\/09\/romantic-gonna-seta-1024x1024.jpg\" alt=\"\" srcset=\"https:\/\/www.elsapagano.it\/immagine\/wp-content\/uploads\/2020\/09\/romantic-gonna-seta-1024x1024.jpg 1024w, https:\/\/www.elsapagano.it\/immagine\/wp-content\/uploads\/2020\/09\/romantic-gonna-seta-150x150.jpg 150w, https:\/\/www.elsapagano.it\/immagine\/wp-content\/uploads\/2020\/09\/romantic-gonna-seta-300x300.jpg 300w, https:\/\/www.elsapagano.it\/immagine\/wp-content\/uploads\/2020\/09\/romantic-gonna-seta-768x768.jpg 768w, https:\/\/www.elsapagano.it\/immagine\/wp-content\/uploads\/2020\/09\/romantic-gonna-seta-500x500.jpg 500w\" sizes=\"auto, (max-width: 1024px) 100vw, 1024px\" \/><\/figure>\r\n\r\n\r\n\r\n<figure class=\"wp-block-image\"><img loading=\"lazy\" decoding=\"async\" width=\"1024\" height=\"1024\" class=\"wp-image-434\" src=\"https:\/\/www.elsapagano.it\/immagine\/wp-content\/uploads\/2020\/09\/Romantic-gonna-seta-2-1024x1024.jpg\" alt=\"\" srcset=\"https:\/\/www.elsapagano.it\/immagine\/wp-content\/uploads\/2020\/09\/Romantic-gonna-seta-2-1024x1024.jpg 1024w, https:\/\/www.elsapagano.it\/immagine\/wp-content\/uploads\/2020\/09\/Romantic-gonna-seta-2-150x150.jpg 150w, https:\/\/www.elsapagano.it\/immagine\/wp-content\/uploads\/2020\/09\/Romantic-gonna-seta-2-300x300.jpg 300w, https:\/\/www.elsapagano.it\/immagine\/wp-content\/uploads\/2020\/09\/Romantic-gonna-seta-2-768x768.jpg 768w, https:\/\/www.elsapagano.it\/immagine\/wp-content\/uploads\/2020\/09\/Romantic-gonna-seta-2-500x500.jpg 500w\" sizes=\"auto, (max-width: 1024px) 100vw, 1024px\" \/><\/figure>\r\n\r\n\r\n\r\n<h4 class=\"wp-block-heading\"><em>Let\u2019s go party, <\/em>da serata, con top in paillettes, stivaletti silver. Cappotto e borsetta scuri.<\/h4>\r\n\r\n\r\n\r\n<figure class=\"wp-block-image\"><img loading=\"lazy\" decoding=\"async\" width=\"1024\" height=\"1024\" class=\"wp-image-449\" src=\"https:\/\/www.elsapagano.it\/immagine\/wp-content\/uploads\/2020\/09\/lets-go-party-gonna-seta-2-1-1024x1024.jpg\" alt=\"\" srcset=\"https:\/\/www.elsapagano.it\/immagine\/wp-content\/uploads\/2020\/09\/lets-go-party-gonna-seta-2-1-1024x1024.jpg 1024w, https:\/\/www.elsapagano.it\/immagine\/wp-content\/uploads\/2020\/09\/lets-go-party-gonna-seta-2-1-150x150.jpg 150w, https:\/\/www.elsapagano.it\/immagine\/wp-content\/uploads\/2020\/09\/lets-go-party-gonna-seta-2-1-300x300.jpg 300w, https:\/\/www.elsapagano.it\/immagine\/wp-content\/uploads\/2020\/09\/lets-go-party-gonna-seta-2-1-768x768.jpg 768w, https:\/\/www.elsapagano.it\/immagine\/wp-content\/uploads\/2020\/09\/lets-go-party-gonna-seta-2-1-500x500.jpg 500w\" sizes=\"auto, (max-width: 1024px) 100vw, 1024px\" \/><\/figure>\r\n\r\n\r\n\r\n<h4 class=\"wp-block-heading\"><em>Wedding guest,<\/em> da cerimonia, con sandali col tacco nude, top floreale, scialle cashmere e seta e borsetta artigianale.<\/h4>\r\n\r\n\r\n\r\n<figure class=\"wp-block-image\"><img loading=\"lazy\" decoding=\"async\" width=\"1024\" height=\"1024\" class=\"wp-image-437\" src=\"https:\/\/www.elsapagano.it\/immagine\/wp-content\/uploads\/2020\/09\/cerimonia-gonna-seta-2-1024x1024.jpg\" alt=\"\" srcset=\"https:\/\/www.elsapagano.it\/immagine\/wp-content\/uploads\/2020\/09\/cerimonia-gonna-seta-2-1024x1024.jpg 1024w, https:\/\/www.elsapagano.it\/immagine\/wp-content\/uploads\/2020\/09\/cerimonia-gonna-seta-2-150x150.jpg 150w, https:\/\/www.elsapagano.it\/immagine\/wp-content\/uploads\/2020\/09\/cerimonia-gonna-seta-2-300x300.jpg 300w, https:\/\/www.elsapagano.it\/immagine\/wp-content\/uploads\/2020\/09\/cerimonia-gonna-seta-2-768x768.jpg 768w, https:\/\/www.elsapagano.it\/immagine\/wp-content\/uploads\/2020\/09\/cerimonia-gonna-seta-2-500x500.jpg 500w\" sizes=\"auto, (max-width: 1024px) 100vw, 1024px\" \/><\/figure>\r\n\r\n\r\n\r\n<p>Cosa ne pensate di tutti questi outfit? Vi ho convinto a prendere in considerazione seriamente l&#8217;idea di investire su pochi capi strategici? Intanto qui di seguito vi segnalo alcuni brand made in Italy da cui ho attinto per questo post:<\/p>\r\n\r\n\r\n\r\n<blockquote class=\"wp-block-quote is-style-large is-layout-flow wp-block-quote-is-layout-flow\">\r\n<p>blazer sartoriale Aram\u00f9, camicia Ghiglino, t-shirt Toromoro by Carola Pisano, sandali flat Lanapo, lo zaino e tutte le borse (eccetto ovviamente YSL) Pelletteria Flavio Genova.<\/p>\r\n<\/blockquote>\r\n\r\n\r\n\r\n<p><strong>Se questo post vi \u00e8 piaciuto e siete curiose come la mia amica che me lo ha suggerito, non esitate a darmi spunti per offrirvi nuovi contenuti interessanti!<\/strong><\/p>\r\n\r\n\r\n\r\n<p>E poi quando vi sentirete pronti, potrete sempre prenotare la vostra consulenza!<\/p>\r\n\r\n\r\n\r\n<p><a href=\"https:\/\/www.elsapagano.it\/contatti\" target=\"_blank\" rel=\"noreferrer noopener\" aria-label=\"Per saperne di pi\u00f9 scrivimi  (si apre in una nuova scheda)\">Per saperne di pi\u00f9 scrivimi <\/a><\/p>\r\n","protected":false},"excerpt":{"rendered":"<p>Come vi raccontavo nel post sulla capsule wardrobe, i capi chiave sono quei pezzi abbinabili in maniera trasversale: a molteplici occasioni in diverse stagioni di giorno e di sera E&#8230;<\/p>\n","protected":false},"author":1,"featured_media":441,"comment_status":"closed","ping_status":"closed","sticky":false,"template":"","format":"standard","meta":{"pmpro_default_level":"","footnotes":""},"categories":[4],"tags":[],"class_list":{"0":"post-426","1":"post","2":"type-post","3":"status-publish","4":"format-standard","5":"has-post-thumbnail","7":"category-news","8":"pmpro-has-access"},"yoast_head":"<!-- This site is optimized with the Yoast SEO plugin v26.7 - https:\/\/yoast.com\/wordpress\/plugins\/seo\/ -->\n<title>10 modi per indossare la stessa gonna in seta | Elsa Pagano<\/title>\n<meta name=\"robots\" content=\"index, follow, max-snippet:-1, max-image-preview:large, max-video-preview:-1\" \/>\n<link rel=\"canonical\" href=\"https:\/\/www.elsapagano.it\/immagine\/2020\/09\/18\/10-modi-per-indossare-la-stessa-gonna-in-seta\/\" \/>\n<meta property=\"og:locale\" content=\"it_IT\" \/>\n<meta property=\"og:type\" content=\"article\" \/>\n<meta property=\"og:title\" content=\"10 modi per indossare la stessa gonna in seta | Elsa Pagano\" \/>\n<meta property=\"og:description\" content=\"Come vi raccontavo nel post sulla capsule wardrobe, i capi chiave sono quei pezzi abbinabili in maniera trasversale: a molteplici occasioni in diverse stagioni di giorno e di sera E...\" \/>\n<meta property=\"og:url\" content=\"https:\/\/www.elsapagano.it\/immagine\/2020\/09\/18\/10-modi-per-indossare-la-stessa-gonna-in-seta\/\" \/>\n<meta property=\"og:site_name\" content=\"Elsa Pagano\" \/>\n<meta property=\"article:publisher\" content=\"https:\/\/www.facebook.com\/elsapaganoconsulentedimmagine\/\" \/>\n<meta property=\"article:published_time\" content=\"2020-09-18T19:47:24+00:00\" \/>\n<meta property=\"article:modified_time\" content=\"2020-09-21T14:33:02+00:00\" \/>\n<meta property=\"og:image\" content=\"https:\/\/www.elsapagano.it\/immagine\/wp-content\/uploads\/2020\/09\/BeFunky-collage-cover-1024x1024.jpg\" \/>\n\t<meta property=\"og:image:width\" content=\"1024\" \/>\n\t<meta property=\"og:image:height\" content=\"1024\" \/>\n\t<meta property=\"og:image:type\" content=\"image\/jpeg\" \/>\n<meta name=\"author\" content=\"Elsa Consulente\" \/>\n<meta name=\"twitter:card\" content=\"summary_large_image\" \/>\n<meta name=\"twitter:label1\" content=\"Scritto da\" \/>\n\t<meta name=\"twitter:data1\" content=\"Elsa Consulente\" \/>\n\t<meta name=\"twitter:label2\" content=\"Tempo di lettura stimato\" \/>\n\t<meta name=\"twitter:data2\" content=\"2 minuti\" \/>\n<script type=\"application\/ld+json\" class=\"yoast-schema-graph\">{\"@context\":\"https:\/\/schema.org\",\"@graph\":[{\"@type\":\"Article\",\"@id\":\"https:\/\/www.elsapagano.it\/immagine\/2020\/09\/18\/10-modi-per-indossare-la-stessa-gonna-in-seta\/#article\",\"isPartOf\":{\"@id\":\"https:\/\/www.elsapagano.it\/immagine\/2020\/09\/18\/10-modi-per-indossare-la-stessa-gonna-in-seta\/\"},\"author\":{\"name\":\"Elsa Consulente\",\"@id\":\"https:\/\/www.elsapagano.it\/immagine\/#\/schema\/person\/0f84d49d110b2efde96049ab6be4517c\"},\"headline\":\"10 modi per indossare la stessa gonna in seta\",\"datePublished\":\"2020-09-18T19:47:24+00:00\",\"dateModified\":\"2020-09-21T14:33:02+00:00\",\"mainEntityOfPage\":{\"@id\":\"https:\/\/www.elsapagano.it\/immagine\/2020\/09\/18\/10-modi-per-indossare-la-stessa-gonna-in-seta\/\"},\"wordCount\":500,\"image\":{\"@id\":\"https:\/\/www.elsapagano.it\/immagine\/2020\/09\/18\/10-modi-per-indossare-la-stessa-gonna-in-seta\/#primaryimage\"},\"thumbnailUrl\":\"https:\/\/www.elsapagano.it\/immagine\/wp-content\/uploads\/2020\/09\/BeFunky-collage-cover.jpg\",\"articleSection\":[\"News\"],\"inLanguage\":\"it-IT\"},{\"@type\":\"WebPage\",\"@id\":\"https:\/\/www.elsapagano.it\/immagine\/2020\/09\/18\/10-modi-per-indossare-la-stessa-gonna-in-seta\/\",\"url\":\"https:\/\/www.elsapagano.it\/immagine\/2020\/09\/18\/10-modi-per-indossare-la-stessa-gonna-in-seta\/\",\"name\":\"10 modi per indossare la stessa gonna in seta | Elsa Pagano\",\"isPartOf\":{\"@id\":\"https:\/\/www.elsapagano.it\/immagine\/#website\"},\"primaryImageOfPage\":{\"@id\":\"https:\/\/www.elsapagano.it\/immagine\/2020\/09\/18\/10-modi-per-indossare-la-stessa-gonna-in-seta\/#primaryimage\"},\"image\":{\"@id\":\"https:\/\/www.elsapagano.it\/immagine\/2020\/09\/18\/10-modi-per-indossare-la-stessa-gonna-in-seta\/#primaryimage\"},\"thumbnailUrl\":\"https:\/\/www.elsapagano.it\/immagine\/wp-content\/uploads\/2020\/09\/BeFunky-collage-cover.jpg\",\"datePublished\":\"2020-09-18T19:47:24+00:00\",\"dateModified\":\"2020-09-21T14:33:02+00:00\",\"author\":{\"@id\":\"https:\/\/www.elsapagano.it\/immagine\/#\/schema\/person\/0f84d49d110b2efde96049ab6be4517c\"},\"breadcrumb\":{\"@id\":\"https:\/\/www.elsapagano.it\/immagine\/2020\/09\/18\/10-modi-per-indossare-la-stessa-gonna-in-seta\/#breadcrumb\"},\"inLanguage\":\"it-IT\",\"potentialAction\":[{\"@type\":\"ReadAction\",\"target\":[\"https:\/\/www.elsapagano.it\/immagine\/2020\/09\/18\/10-modi-per-indossare-la-stessa-gonna-in-seta\/\"]}]},{\"@type\":\"ImageObject\",\"inLanguage\":\"it-IT\",\"@id\":\"https:\/\/www.elsapagano.it\/immagine\/2020\/09\/18\/10-modi-per-indossare-la-stessa-gonna-in-seta\/#primaryimage\",\"url\":\"https:\/\/www.elsapagano.it\/immagine\/wp-content\/uploads\/2020\/09\/BeFunky-collage-cover.jpg\",\"contentUrl\":\"https:\/\/www.elsapagano.it\/immagine\/wp-content\/uploads\/2020\/09\/BeFunky-collage-cover.jpg\",\"width\":3264,\"height\":3264},{\"@type\":\"BreadcrumbList\",\"@id\":\"https:\/\/www.elsapagano.it\/immagine\/2020\/09\/18\/10-modi-per-indossare-la-stessa-gonna-in-seta\/#breadcrumb\",\"itemListElement\":[{\"@type\":\"ListItem\",\"position\":1,\"name\":\"Home\",\"item\":\"https:\/\/www.elsapagano.it\/immagine\/\"},{\"@type\":\"ListItem\",\"position\":2,\"name\":\"10 modi per indossare la stessa gonna in seta\"}]},{\"@type\":\"WebSite\",\"@id\":\"https:\/\/www.elsapagano.it\/immagine\/#website\",\"url\":\"https:\/\/www.elsapagano.it\/immagine\/\",\"name\":\"Elsa Pagano | News\",\"description\":\"News\",\"potentialAction\":[{\"@type\":\"SearchAction\",\"target\":{\"@type\":\"EntryPoint\",\"urlTemplate\":\"https:\/\/www.elsapagano.it\/immagine\/?s={search_term_string}\"},\"query-input\":{\"@type\":\"PropertyValueSpecification\",\"valueRequired\":true,\"valueName\":\"search_term_string\"}}],\"inLanguage\":\"it-IT\"},{\"@type\":\"Person\",\"@id\":\"https:\/\/www.elsapagano.it\/immagine\/#\/schema\/person\/0f84d49d110b2efde96049ab6be4517c\",\"name\":\"Elsa Consulente\",\"image\":{\"@type\":\"ImageObject\",\"inLanguage\":\"it-IT\",\"@id\":\"https:\/\/www.elsapagano.it\/immagine\/#\/schema\/person\/image\/\",\"url\":\"https:\/\/secure.gravatar.com\/avatar\/1e55e7487ae60d09ace466471129ea63a0745b28ed75d6b864c0e2beddee1903?s=96&d=mm&r=g\",\"contentUrl\":\"https:\/\/secure.gravatar.com\/avatar\/1e55e7487ae60d09ace466471129ea63a0745b28ed75d6b864c0e2beddee1903?s=96&d=mm&r=g\",\"caption\":\"Elsa Consulente\"}}]}<\/script>\n<!-- \/ Yoast SEO plugin. -->","yoast_head_json":{"title":"10 modi per indossare la stessa gonna in seta | Elsa Pagano","robots":{"index":"index","follow":"follow","max-snippet":"max-snippet:-1","max-image-preview":"max-image-preview:large","max-video-preview":"max-video-preview:-1"},"canonical":"https:\/\/www.elsapagano.it\/immagine\/2020\/09\/18\/10-modi-per-indossare-la-stessa-gonna-in-seta\/","og_locale":"it_IT","og_type":"article","og_title":"10 modi per indossare la stessa gonna in seta | Elsa Pagano","og_description":"Come vi raccontavo nel post sulla capsule wardrobe, i capi chiave sono quei pezzi abbinabili in maniera trasversale: a molteplici occasioni in diverse stagioni di giorno e di sera E...","og_url":"https:\/\/www.elsapagano.it\/immagine\/2020\/09\/18\/10-modi-per-indossare-la-stessa-gonna-in-seta\/","og_site_name":"Elsa Pagano","article_publisher":"https:\/\/www.facebook.com\/elsapaganoconsulentedimmagine\/","article_published_time":"2020-09-18T19:47:24+00:00","article_modified_time":"2020-09-21T14:33:02+00:00","og_image":[{"width":1024,"height":1024,"url":"https:\/\/www.elsapagano.it\/immagine\/wp-content\/uploads\/2020\/09\/BeFunky-collage-cover-1024x1024.jpg","type":"image\/jpeg"}],"author":"Elsa Consulente","twitter_card":"summary_large_image","twitter_misc":{"Scritto da":"Elsa Consulente","Tempo di lettura stimato":"2 minuti"},"schema":{"@context":"https:\/\/schema.org","@graph":[{"@type":"Article","@id":"https:\/\/www.elsapagano.it\/immagine\/2020\/09\/18\/10-modi-per-indossare-la-stessa-gonna-in-seta\/#article","isPartOf":{"@id":"https:\/\/www.elsapagano.it\/immagine\/2020\/09\/18\/10-modi-per-indossare-la-stessa-gonna-in-seta\/"},"author":{"name":"Elsa Consulente","@id":"https:\/\/www.elsapagano.it\/immagine\/#\/schema\/person\/0f84d49d110b2efde96049ab6be4517c"},"headline":"10 modi per indossare la stessa gonna in seta","datePublished":"2020-09-18T19:47:24+00:00","dateModified":"2020-09-21T14:33:02+00:00","mainEntityOfPage":{"@id":"https:\/\/www.elsapagano.it\/immagine\/2020\/09\/18\/10-modi-per-indossare-la-stessa-gonna-in-seta\/"},"wordCount":500,"image":{"@id":"https:\/\/www.elsapagano.it\/immagine\/2020\/09\/18\/10-modi-per-indossare-la-stessa-gonna-in-seta\/#primaryimage"},"thumbnailUrl":"https:\/\/www.elsapagano.it\/immagine\/wp-content\/uploads\/2020\/09\/BeFunky-collage-cover.jpg","articleSection":["News"],"inLanguage":"it-IT"},{"@type":"WebPage","@id":"https:\/\/www.elsapagano.it\/immagine\/2020\/09\/18\/10-modi-per-indossare-la-stessa-gonna-in-seta\/","url":"https:\/\/www.elsapagano.it\/immagine\/2020\/09\/18\/10-modi-per-indossare-la-stessa-gonna-in-seta\/","name":"10 modi per indossare la stessa gonna in seta | Elsa Pagano","isPartOf":{"@id":"https:\/\/www.elsapagano.it\/immagine\/#website"},"primaryImageOfPage":{"@id":"https:\/\/www.elsapagano.it\/immagine\/2020\/09\/18\/10-modi-per-indossare-la-stessa-gonna-in-seta\/#primaryimage"},"image":{"@id":"https:\/\/www.elsapagano.it\/immagine\/2020\/09\/18\/10-modi-per-indossare-la-stessa-gonna-in-seta\/#primaryimage"},"thumbnailUrl":"https:\/\/www.elsapagano.it\/immagine\/wp-content\/uploads\/2020\/09\/BeFunky-collage-cover.jpg","datePublished":"2020-09-18T19:47:24+00:00","dateModified":"2020-09-21T14:33:02+00:00","author":{"@id":"https:\/\/www.elsapagano.it\/immagine\/#\/schema\/person\/0f84d49d110b2efde96049ab6be4517c"},"breadcrumb":{"@id":"https:\/\/www.elsapagano.it\/immagine\/2020\/09\/18\/10-modi-per-indossare-la-stessa-gonna-in-seta\/#breadcrumb"},"inLanguage":"it-IT","potentialAction":[{"@type":"ReadAction","target":["https:\/\/www.elsapagano.it\/immagine\/2020\/09\/18\/10-modi-per-indossare-la-stessa-gonna-in-seta\/"]}]},{"@type":"ImageObject","inLanguage":"it-IT","@id":"https:\/\/www.elsapagano.it\/immagine\/2020\/09\/18\/10-modi-per-indossare-la-stessa-gonna-in-seta\/#primaryimage","url":"https:\/\/www.elsapagano.it\/immagine\/wp-content\/uploads\/2020\/09\/BeFunky-collage-cover.jpg","contentUrl":"https:\/\/www.elsapagano.it\/immagine\/wp-content\/uploads\/2020\/09\/BeFunky-collage-cover.jpg","width":3264,"height":3264},{"@type":"BreadcrumbList","@id":"https:\/\/www.elsapagano.it\/immagine\/2020\/09\/18\/10-modi-per-indossare-la-stessa-gonna-in-seta\/#breadcrumb","itemListElement":[{"@type":"ListItem","position":1,"name":"Home","item":"https:\/\/www.elsapagano.it\/immagine\/"},{"@type":"ListItem","position":2,"name":"10 modi per indossare la stessa gonna in seta"}]},{"@type":"WebSite","@id":"https:\/\/www.elsapagano.it\/immagine\/#website","url":"https:\/\/www.elsapagano.it\/immagine\/","name":"Elsa Pagano | News","description":"News","potentialAction":[{"@type":"SearchAction","target":{"@type":"EntryPoint","urlTemplate":"https:\/\/www.elsapagano.it\/immagine\/?s={search_term_string}"},"query-input":{"@type":"PropertyValueSpecification","valueRequired":true,"valueName":"search_term_string"}}],"inLanguage":"it-IT"},{"@type":"Person","@id":"https:\/\/www.elsapagano.it\/immagine\/#\/schema\/person\/0f84d49d110b2efde96049ab6be4517c","name":"Elsa Consulente","image":{"@type":"ImageObject","inLanguage":"it-IT","@id":"https:\/\/www.elsapagano.it\/immagine\/#\/schema\/person\/image\/","url":"https:\/\/secure.gravatar.com\/avatar\/1e55e7487ae60d09ace466471129ea63a0745b28ed75d6b864c0e2beddee1903?s=96&d=mm&r=g","contentUrl":"https:\/\/secure.gravatar.com\/avatar\/1e55e7487ae60d09ace466471129ea63a0745b28ed75d6b864c0e2beddee1903?s=96&d=mm&r=g","caption":"Elsa Consulente"}}]}},"_links":{"self":[{"href":"https:\/\/www.elsapagano.it\/immagine\/wp-json\/wp\/v2\/posts\/426","targetHints":{"allow":["GET"]}}],"collection":[{"href":"https:\/\/www.elsapagano.it\/immagine\/wp-json\/wp\/v2\/posts"}],"about":[{"href":"https:\/\/www.elsapagano.it\/immagine\/wp-json\/wp\/v2\/types\/post"}],"author":[{"embeddable":true,"href":"https:\/\/www.elsapagano.it\/immagine\/wp-json\/wp\/v2\/users\/1"}],"replies":[{"embeddable":true,"href":"https:\/\/www.elsapagano.it\/immagine\/wp-json\/wp\/v2\/comments?post=426"}],"version-history":[{"count":6,"href":"https:\/\/www.elsapagano.it\/immagine\/wp-json\/wp\/v2\/posts\/426\/revisions"}],"predecessor-version":[{"id":457,"href":"https:\/\/www.elsapagano.it\/immagine\/wp-json\/wp\/v2\/posts\/426\/revisions\/457"}],"wp:featuredmedia":[{"embeddable":true,"href":"https:\/\/www.elsapagano.it\/immagine\/wp-json\/wp\/v2\/media\/441"}],"wp:attachment":[{"href":"https:\/\/www.elsapagano.it\/immagine\/wp-json\/wp\/v2\/media?parent=426"}],"wp:term":[{"taxonomy":"category","embeddable":true,"href":"https:\/\/www.elsapagano.it\/immagine\/wp-json\/wp\/v2\/categories?post=426"},{"taxonomy":"post_tag","embeddable":true,"href":"https:\/\/www.elsapagano.it\/immagine\/wp-json\/wp\/v2\/tags?post=426"}],"curies":[{"name":"wp","href":"https:\/\/api.w.org\/{rel}","templated":true}]}}