{"id":418,"date":"2020-09-11T18:20:10","date_gmt":"2020-09-11T16:20:10","guid":{"rendered":"https:\/\/www.elsapagano.it\/immagine\/?p=418"},"modified":"2020-09-11T18:20:13","modified_gmt":"2020-09-11T16:20:13","slug":"cambio-armadio-e-obiettivo-capsule-wardrobe-tra-mito-e-realta","status":"publish","type":"post","link":"https:\/\/www.elsapagano.it\/immagine\/2020\/09\/11\/cambio-armadio-e-obiettivo-capsule-wardrobe-tra-mito-e-realta\/","title":{"rendered":"Cambio armadio e obiettivo capsule wardrobe tra mito e realt\u00e0"},"content":{"rendered":"\n<p>Visto il\ncambio di stagione, ho pensato di scrivere un memorandum per tutti i miei\nclienti, ma che sia d\u2019ispirazione anche per chi mi segue e ancora non ha fatto\nil grande passo della consulenza di immagine!<\/p>\n\n\n\n<div class=\"wp-block-image\"><figure class=\"aligncenter is-resized\"><img loading=\"lazy\" decoding=\"async\" src=\"https:\/\/www.elsapagano.it\/immagine\/wp-content\/uploads\/2020\/09\/0cb6dc723e771b02dd07512fbb8282fd.jpg\" alt=\"\" class=\"wp-image-424\" width=\"563\" height=\"563\" srcset=\"https:\/\/www.elsapagano.it\/immagine\/wp-content\/uploads\/2020\/09\/0cb6dc723e771b02dd07512fbb8282fd.jpg 750w, https:\/\/www.elsapagano.it\/immagine\/wp-content\/uploads\/2020\/09\/0cb6dc723e771b02dd07512fbb8282fd-150x150.jpg 150w, https:\/\/www.elsapagano.it\/immagine\/wp-content\/uploads\/2020\/09\/0cb6dc723e771b02dd07512fbb8282fd-300x300.jpg 300w, https:\/\/www.elsapagano.it\/immagine\/wp-content\/uploads\/2020\/09\/0cb6dc723e771b02dd07512fbb8282fd-500x500.jpg 500w\" sizes=\"auto, (max-width: 563px) 100vw, 563px\" \/><\/figure><\/div>\n\n\n\n<h3 class=\"wp-block-heading\">Mantra<\/h3>\n\n\n\n<p>Quando parliamo di armadio strategico, l\u2019obiettivo dev&#8217;essere la <strong>versatilit\u00e0<\/strong> &#8211; per stagione e per occasione &#8211; dei capi chiave. Perch\u00e9 un capo si adatti ad ogni stagione e a molteplici occasioni, deve possedere alcune caratteristiche come <strong>linee pulite ed una certa qualit\u00e0, accompagnate da una composizione fatta di tessuti termoregolatori come ad esempio lana, cashmere e seta.<\/strong><\/p>\n\n\n\n<p>Non pensate che i capi alla base della vostra capsule siano qualcosa di predefinito, n\u00e9 per forma n\u00e9 per stile&#8230;non hanno neanche un numero fisso, perch\u00e9 per creare un armadio che ci rispecchi ci si basa sulla propria vita, che \u00e8 diversa da quella del vostra collega o di chiunque altro. Sicuramente non sar\u00e0 un guardaroba strabordante, ma non abbiate paura che qualcuno voglia farvi buttare via tutto.<\/p>\n\n\n\n<h3 class=\"wp-block-heading\">La domanda che bisogna porsi a questo punto \u00e8: quali sono i capi giusti per me? <\/h3>\n\n\n\n<p>Gli step sono tre:<\/p>\n\n\n\n<p>\u2043&nbsp;&nbsp;&nbsp;&nbsp;&nbsp;&nbsp;&nbsp;&nbsp;&nbsp;<strong> si sceglie il proprio \u201cneutro\u201d<\/strong>, cio\u00e8 il colore armocromaticamente pi\u00f9 adatto ai nostri capi base. Ad esempio: <em>verde foresta<\/em> o <em>testa di moro<\/em> per chi \u00e8 <em>autumn<\/em>, <em>cartazucchero<\/em> o <em>tortora<\/em> per i <em>summer<\/em>, <em>nero<\/em> o <em>blu notte<\/em> per chi \u00e8 <em>winter <\/em>e <em>caramello<\/em> o <em>blu royal<\/em> per gli <em>spring<\/em>.&nbsp;&nbsp;&nbsp;&nbsp;&nbsp;&nbsp;&nbsp;&nbsp;&nbsp;&nbsp;&nbsp;<\/p>\n\n\n\n<p>\u2043&nbsp;&nbsp;&nbsp;&nbsp;&nbsp;&nbsp;&nbsp;&nbsp;&nbsp; <strong>si scelgono forme e tagli giusti per esaltare la propria fisicit\u00e0<\/strong>, attenendosi alla propria analisi della figura. Infatti il tubino classico non \u00e8 la scelta giusta per tutte le fisicit\u00e0, cos\u00ec come non lo sono pantaloni a<strong> <\/strong>sigaretta:<strong> non esiste una capsule wardrobe universale<\/strong> (per fortuna).<\/p>\n\n\n\n<p><strong> \u2043&nbsp;&nbsp;&nbsp;&nbsp;&nbsp;&nbsp;&nbsp;&nbsp;&nbsp; si studiano gli outfit sulla base del proprio stile e delle occasioni di utilizzo<\/strong>. Quindi tenendo a portata di mano il report sull\u2019analisi dello stile, si fotografano i vari abbinamenti creati con i propri capi chiave insieme a quei pezzi e accessori che si distinguono per specifica occasione.<\/p>\n\n\n\n<p>Questo lavoro risulta quasi immediato e semplice dopo un\u2019attenta cernita generale. Infatti durante l\u2019organizzazione dell\u2019armadio si eliminano &#8211; regalando o donando &#8211; tutti quei vestiti sbagliati per noi per colore, forma e stile. Rimarranno soltanto quelli che parlano di noi, che seguendo la nostra <em>color palette<\/em> possono essere abbinati facilmente tra loro, che non segnano eventuali punti critici e valorizzano la silhouette. Chiaramente si stila anche una lista di quei pezzi necessari da acquistare.<\/p>\n\n\n\n<h3 class=\"wp-block-heading\">Come\nriporli nell\u2019armadio?<\/h3>\n\n\n\n<p>In linea generale trovo molto comodo avere top, camicie, cardigan e giacche appesi all&#8217;appendiabiti superiore, gonne, bermuda e pantaloni a quello inferiore, t-shirt, maglioni, collant, foulard piegati su ripiani o nei cassetti. I capi base sono i primi sulla sinistra, tutti gli altri possono essere riposti per tipo e colore, consistenza o giorno\/sera.<\/p>\n\n\n\n<p>Cos\u00ec come per i vestiti, anche gli accessori &#8211; che hanno il valoroso compito di orientare gli outfit verso precisi obiettivi di stile &#8211; vengono selezionati per forma, dimensione e colore e riposti con criterio in scatole o vani dedicati. Scopriremo che il filo di perle non \u00e8 per tutte, cos\u00ec come le d\u00e9collet\u00e9, le borse grandi o gli occhiali da sole tartarugati: <strong>non esistono must have assoluti, tutto \u00e8 selezionato secondo i propri gusti e le proprie esigenze di stile.<\/strong><\/p>\n\n\n\n<h3 class=\"wp-block-heading\">Capsule wardrobe e sostenibilit\u00e0<\/h3>\n\n\n\n<p>Infine mi fa piacere comunicare che sempre pi\u00f9 clienti mi chiedono di studiare con loro una capsule wardrobe che sia s\u00ec di qualit\u00e0 ma anche sostenibile ed io sono ben contenta di fare continua ricerca in questo senso perch\u00e9 toccano una tematica che mi sta a cuore. I brand con una filosofia realmente sostenibile esistono e sono in aumento, ma \u00e8 necessario per noi uscire dall&#8217;ottica del &#8220;tanto subito&#8221; e programmare gli acquisti, di modo da investire in capi &#8220;definitivi&#8221;, un po&#8217; per volta, senza fretta e senza paura di continuare ad usare nel frattempo quei capi non sostenibili, ormai presenti nel nostro guardaroba, che ci saranno utili finch\u00e9 dureranno. Spero di avervi dato la spinta per un cambio armadio mirato e consapevole, quasi slegato dalla stagionalit\u00e0, ma pi\u00f9 incentrato su di voi, la vostra personalit\u00e0 e il vostro stile di vita.<\/p>\n\n\n\n<p>Spero di riuscire a scrivere altri contenuti di approfondimento, ma come immaginerete il tempo \u00e8 poco. Se ci fossero degli argomenti a tema immagine di cui vorreste approfondire la conoscenza o qualora aveste qualche domanda, scrivetemi, sar\u00f2 lieta di rispondervi! Per il resto vi invito a seguirmi su Instagram, che \u00e8 senza dubbio la pagina che tengo pi\u00f9 aggiornata.<\/p>\n\n\n\n<p>E per chi ancora non lo avesse fatto, mi pare giunto il momento giusto di prenotare la vostra consulenza!<\/p>\n\n\n\n<p><a rel=\"noreferrer noopener\" aria-label=\"Per saperne di pi\u00f9 scrivimi  (si apre in una nuova scheda)\" href=\"https:\/\/www.elsapagano.it\/contatti\" target=\"_blank\">Per saperne di pi\u00f9 scrivimi <\/a><\/p>\n","protected":false},"excerpt":{"rendered":"<p>Visto il cambio di stagione, ho pensato di scrivere un memorandum per tutti i miei clienti, ma che sia d\u2019ispirazione anche per chi mi segue e ancora non ha fatto&#8230;<\/p>\n","protected":false},"author":1,"featured_media":424,"comment_status":"open","ping_status":"open","sticky":false,"template":"","format":"standard","meta":{"pmpro_default_level":"","footnotes":""},"categories":[4],"tags":[],"class_list":{"0":"post-418","1":"post","2":"type-post","3":"status-publish","4":"format-standard","5":"has-post-thumbnail","7":"category-news","8":"pmpro-has-access"},"yoast_head":"<!-- This site is optimized with the Yoast SEO plugin v26.7 - https:\/\/yoast.com\/wordpress\/plugins\/seo\/ -->\n<title>Cambio armadio e obiettivo capsule wardrobe tra mito e realt\u00e0 | Elsa Pagano<\/title>\n<meta name=\"robots\" content=\"index, follow, max-snippet:-1, max-image-preview:large, max-video-preview:-1\" \/>\n<link rel=\"canonical\" href=\"https:\/\/www.elsapagano.it\/immagine\/2020\/09\/11\/cambio-armadio-e-obiettivo-capsule-wardrobe-tra-mito-e-realta\/\" \/>\n<meta property=\"og:locale\" content=\"it_IT\" \/>\n<meta property=\"og:type\" content=\"article\" \/>\n<meta property=\"og:title\" content=\"Cambio armadio e obiettivo capsule wardrobe tra mito e realt\u00e0 | Elsa Pagano\" \/>\n<meta property=\"og:description\" content=\"Visto il cambio di stagione, ho pensato di scrivere un memorandum per tutti i miei clienti, ma che sia d\u2019ispirazione anche per chi mi segue e ancora non ha fatto...\" \/>\n<meta property=\"og:url\" content=\"https:\/\/www.elsapagano.it\/immagine\/2020\/09\/11\/cambio-armadio-e-obiettivo-capsule-wardrobe-tra-mito-e-realta\/\" \/>\n<meta property=\"og:site_name\" content=\"Elsa Pagano\" \/>\n<meta property=\"article:publisher\" content=\"https:\/\/www.facebook.com\/elsapaganoconsulentedimmagine\/\" \/>\n<meta property=\"article:published_time\" content=\"2020-09-11T16:20:10+00:00\" \/>\n<meta property=\"article:modified_time\" content=\"2020-09-11T16:20:13+00:00\" \/>\n<meta property=\"og:image\" content=\"https:\/\/www.elsapagano.it\/immagine\/wp-content\/uploads\/2020\/09\/0cb6dc723e771b02dd07512fbb8282fd.jpg\" \/>\n\t<meta property=\"og:image:width\" content=\"750\" \/>\n\t<meta property=\"og:image:height\" content=\"750\" \/>\n\t<meta property=\"og:image:type\" content=\"image\/jpeg\" \/>\n<meta name=\"author\" content=\"Elsa Consulente\" \/>\n<meta name=\"twitter:card\" content=\"summary_large_image\" \/>\n<meta name=\"twitter:label1\" content=\"Scritto da\" \/>\n\t<meta name=\"twitter:data1\" content=\"Elsa Consulente\" \/>\n\t<meta name=\"twitter:label2\" content=\"Tempo di lettura stimato\" \/>\n\t<meta name=\"twitter:data2\" content=\"4 minuti\" \/>\n<script type=\"application\/ld+json\" class=\"yoast-schema-graph\">{\"@context\":\"https:\/\/schema.org\",\"@graph\":[{\"@type\":\"Article\",\"@id\":\"https:\/\/www.elsapagano.it\/immagine\/2020\/09\/11\/cambio-armadio-e-obiettivo-capsule-wardrobe-tra-mito-e-realta\/#article\",\"isPartOf\":{\"@id\":\"https:\/\/www.elsapagano.it\/immagine\/2020\/09\/11\/cambio-armadio-e-obiettivo-capsule-wardrobe-tra-mito-e-realta\/\"},\"author\":{\"name\":\"Elsa Consulente\",\"@id\":\"https:\/\/www.elsapagano.it\/immagine\/#\/schema\/person\/0f84d49d110b2efde96049ab6be4517c\"},\"headline\":\"Cambio armadio e obiettivo capsule wardrobe tra mito e realt\u00e0\",\"datePublished\":\"2020-09-11T16:20:10+00:00\",\"dateModified\":\"2020-09-11T16:20:13+00:00\",\"mainEntityOfPage\":{\"@id\":\"https:\/\/www.elsapagano.it\/immagine\/2020\/09\/11\/cambio-armadio-e-obiettivo-capsule-wardrobe-tra-mito-e-realta\/\"},\"wordCount\":817,\"commentCount\":0,\"image\":{\"@id\":\"https:\/\/www.elsapagano.it\/immagine\/2020\/09\/11\/cambio-armadio-e-obiettivo-capsule-wardrobe-tra-mito-e-realta\/#primaryimage\"},\"thumbnailUrl\":\"https:\/\/www.elsapagano.it\/immagine\/wp-content\/uploads\/2020\/09\/0cb6dc723e771b02dd07512fbb8282fd.jpg\",\"articleSection\":[\"News\"],\"inLanguage\":\"it-IT\",\"potentialAction\":[{\"@type\":\"CommentAction\",\"name\":\"Comment\",\"target\":[\"https:\/\/www.elsapagano.it\/immagine\/2020\/09\/11\/cambio-armadio-e-obiettivo-capsule-wardrobe-tra-mito-e-realta\/#respond\"]}]},{\"@type\":\"WebPage\",\"@id\":\"https:\/\/www.elsapagano.it\/immagine\/2020\/09\/11\/cambio-armadio-e-obiettivo-capsule-wardrobe-tra-mito-e-realta\/\",\"url\":\"https:\/\/www.elsapagano.it\/immagine\/2020\/09\/11\/cambio-armadio-e-obiettivo-capsule-wardrobe-tra-mito-e-realta\/\",\"name\":\"Cambio armadio e obiettivo capsule wardrobe tra mito e realt\u00e0 | Elsa Pagano\",\"isPartOf\":{\"@id\":\"https:\/\/www.elsapagano.it\/immagine\/#website\"},\"primaryImageOfPage\":{\"@id\":\"https:\/\/www.elsapagano.it\/immagine\/2020\/09\/11\/cambio-armadio-e-obiettivo-capsule-wardrobe-tra-mito-e-realta\/#primaryimage\"},\"image\":{\"@id\":\"https:\/\/www.elsapagano.it\/immagine\/2020\/09\/11\/cambio-armadio-e-obiettivo-capsule-wardrobe-tra-mito-e-realta\/#primaryimage\"},\"thumbnailUrl\":\"https:\/\/www.elsapagano.it\/immagine\/wp-content\/uploads\/2020\/09\/0cb6dc723e771b02dd07512fbb8282fd.jpg\",\"datePublished\":\"2020-09-11T16:20:10+00:00\",\"dateModified\":\"2020-09-11T16:20:13+00:00\",\"author\":{\"@id\":\"https:\/\/www.elsapagano.it\/immagine\/#\/schema\/person\/0f84d49d110b2efde96049ab6be4517c\"},\"breadcrumb\":{\"@id\":\"https:\/\/www.elsapagano.it\/immagine\/2020\/09\/11\/cambio-armadio-e-obiettivo-capsule-wardrobe-tra-mito-e-realta\/#breadcrumb\"},\"inLanguage\":\"it-IT\",\"potentialAction\":[{\"@type\":\"ReadAction\",\"target\":[\"https:\/\/www.elsapagano.it\/immagine\/2020\/09\/11\/cambio-armadio-e-obiettivo-capsule-wardrobe-tra-mito-e-realta\/\"]}]},{\"@type\":\"ImageObject\",\"inLanguage\":\"it-IT\",\"@id\":\"https:\/\/www.elsapagano.it\/immagine\/2020\/09\/11\/cambio-armadio-e-obiettivo-capsule-wardrobe-tra-mito-e-realta\/#primaryimage\",\"url\":\"https:\/\/www.elsapagano.it\/immagine\/wp-content\/uploads\/2020\/09\/0cb6dc723e771b02dd07512fbb8282fd.jpg\",\"contentUrl\":\"https:\/\/www.elsapagano.it\/immagine\/wp-content\/uploads\/2020\/09\/0cb6dc723e771b02dd07512fbb8282fd.jpg\",\"width\":750,\"height\":750},{\"@type\":\"BreadcrumbList\",\"@id\":\"https:\/\/www.elsapagano.it\/immagine\/2020\/09\/11\/cambio-armadio-e-obiettivo-capsule-wardrobe-tra-mito-e-realta\/#breadcrumb\",\"itemListElement\":[{\"@type\":\"ListItem\",\"position\":1,\"name\":\"Home\",\"item\":\"https:\/\/www.elsapagano.it\/immagine\/\"},{\"@type\":\"ListItem\",\"position\":2,\"name\":\"Cambio armadio e obiettivo capsule wardrobe tra mito e realt\u00e0\"}]},{\"@type\":\"WebSite\",\"@id\":\"https:\/\/www.elsapagano.it\/immagine\/#website\",\"url\":\"https:\/\/www.elsapagano.it\/immagine\/\",\"name\":\"Elsa Pagano | News\",\"description\":\"News\",\"potentialAction\":[{\"@type\":\"SearchAction\",\"target\":{\"@type\":\"EntryPoint\",\"urlTemplate\":\"https:\/\/www.elsapagano.it\/immagine\/?s={search_term_string}\"},\"query-input\":{\"@type\":\"PropertyValueSpecification\",\"valueRequired\":true,\"valueName\":\"search_term_string\"}}],\"inLanguage\":\"it-IT\"},{\"@type\":\"Person\",\"@id\":\"https:\/\/www.elsapagano.it\/immagine\/#\/schema\/person\/0f84d49d110b2efde96049ab6be4517c\",\"name\":\"Elsa Consulente\",\"image\":{\"@type\":\"ImageObject\",\"inLanguage\":\"it-IT\",\"@id\":\"https:\/\/www.elsapagano.it\/immagine\/#\/schema\/person\/image\/\",\"url\":\"https:\/\/secure.gravatar.com\/avatar\/1e55e7487ae60d09ace466471129ea63a0745b28ed75d6b864c0e2beddee1903?s=96&d=mm&r=g\",\"contentUrl\":\"https:\/\/secure.gravatar.com\/avatar\/1e55e7487ae60d09ace466471129ea63a0745b28ed75d6b864c0e2beddee1903?s=96&d=mm&r=g\",\"caption\":\"Elsa Consulente\"}}]}<\/script>\n<!-- \/ Yoast SEO plugin. -->","yoast_head_json":{"title":"Cambio armadio e obiettivo capsule wardrobe tra mito e realt\u00e0 | Elsa Pagano","robots":{"index":"index","follow":"follow","max-snippet":"max-snippet:-1","max-image-preview":"max-image-preview:large","max-video-preview":"max-video-preview:-1"},"canonical":"https:\/\/www.elsapagano.it\/immagine\/2020\/09\/11\/cambio-armadio-e-obiettivo-capsule-wardrobe-tra-mito-e-realta\/","og_locale":"it_IT","og_type":"article","og_title":"Cambio armadio e obiettivo capsule wardrobe tra mito e realt\u00e0 | Elsa Pagano","og_description":"Visto il cambio di stagione, ho pensato di scrivere un memorandum per tutti i miei clienti, ma che sia d\u2019ispirazione anche per chi mi segue e ancora non ha fatto...","og_url":"https:\/\/www.elsapagano.it\/immagine\/2020\/09\/11\/cambio-armadio-e-obiettivo-capsule-wardrobe-tra-mito-e-realta\/","og_site_name":"Elsa Pagano","article_publisher":"https:\/\/www.facebook.com\/elsapaganoconsulentedimmagine\/","article_published_time":"2020-09-11T16:20:10+00:00","article_modified_time":"2020-09-11T16:20:13+00:00","og_image":[{"width":750,"height":750,"url":"https:\/\/www.elsapagano.it\/immagine\/wp-content\/uploads\/2020\/09\/0cb6dc723e771b02dd07512fbb8282fd.jpg","type":"image\/jpeg"}],"author":"Elsa Consulente","twitter_card":"summary_large_image","twitter_misc":{"Scritto da":"Elsa Consulente","Tempo di lettura stimato":"4 minuti"},"schema":{"@context":"https:\/\/schema.org","@graph":[{"@type":"Article","@id":"https:\/\/www.elsapagano.it\/immagine\/2020\/09\/11\/cambio-armadio-e-obiettivo-capsule-wardrobe-tra-mito-e-realta\/#article","isPartOf":{"@id":"https:\/\/www.elsapagano.it\/immagine\/2020\/09\/11\/cambio-armadio-e-obiettivo-capsule-wardrobe-tra-mito-e-realta\/"},"author":{"name":"Elsa Consulente","@id":"https:\/\/www.elsapagano.it\/immagine\/#\/schema\/person\/0f84d49d110b2efde96049ab6be4517c"},"headline":"Cambio armadio e obiettivo capsule wardrobe tra mito e realt\u00e0","datePublished":"2020-09-11T16:20:10+00:00","dateModified":"2020-09-11T16:20:13+00:00","mainEntityOfPage":{"@id":"https:\/\/www.elsapagano.it\/immagine\/2020\/09\/11\/cambio-armadio-e-obiettivo-capsule-wardrobe-tra-mito-e-realta\/"},"wordCount":817,"commentCount":0,"image":{"@id":"https:\/\/www.elsapagano.it\/immagine\/2020\/09\/11\/cambio-armadio-e-obiettivo-capsule-wardrobe-tra-mito-e-realta\/#primaryimage"},"thumbnailUrl":"https:\/\/www.elsapagano.it\/immagine\/wp-content\/uploads\/2020\/09\/0cb6dc723e771b02dd07512fbb8282fd.jpg","articleSection":["News"],"inLanguage":"it-IT","potentialAction":[{"@type":"CommentAction","name":"Comment","target":["https:\/\/www.elsapagano.it\/immagine\/2020\/09\/11\/cambio-armadio-e-obiettivo-capsule-wardrobe-tra-mito-e-realta\/#respond"]}]},{"@type":"WebPage","@id":"https:\/\/www.elsapagano.it\/immagine\/2020\/09\/11\/cambio-armadio-e-obiettivo-capsule-wardrobe-tra-mito-e-realta\/","url":"https:\/\/www.elsapagano.it\/immagine\/2020\/09\/11\/cambio-armadio-e-obiettivo-capsule-wardrobe-tra-mito-e-realta\/","name":"Cambio armadio e obiettivo capsule wardrobe tra mito e realt\u00e0 | Elsa Pagano","isPartOf":{"@id":"https:\/\/www.elsapagano.it\/immagine\/#website"},"primaryImageOfPage":{"@id":"https:\/\/www.elsapagano.it\/immagine\/2020\/09\/11\/cambio-armadio-e-obiettivo-capsule-wardrobe-tra-mito-e-realta\/#primaryimage"},"image":{"@id":"https:\/\/www.elsapagano.it\/immagine\/2020\/09\/11\/cambio-armadio-e-obiettivo-capsule-wardrobe-tra-mito-e-realta\/#primaryimage"},"thumbnailUrl":"https:\/\/www.elsapagano.it\/immagine\/wp-content\/uploads\/2020\/09\/0cb6dc723e771b02dd07512fbb8282fd.jpg","datePublished":"2020-09-11T16:20:10+00:00","dateModified":"2020-09-11T16:20:13+00:00","author":{"@id":"https:\/\/www.elsapagano.it\/immagine\/#\/schema\/person\/0f84d49d110b2efde96049ab6be4517c"},"breadcrumb":{"@id":"https:\/\/www.elsapagano.it\/immagine\/2020\/09\/11\/cambio-armadio-e-obiettivo-capsule-wardrobe-tra-mito-e-realta\/#breadcrumb"},"inLanguage":"it-IT","potentialAction":[{"@type":"ReadAction","target":["https:\/\/www.elsapagano.it\/immagine\/2020\/09\/11\/cambio-armadio-e-obiettivo-capsule-wardrobe-tra-mito-e-realta\/"]}]},{"@type":"ImageObject","inLanguage":"it-IT","@id":"https:\/\/www.elsapagano.it\/immagine\/2020\/09\/11\/cambio-armadio-e-obiettivo-capsule-wardrobe-tra-mito-e-realta\/#primaryimage","url":"https:\/\/www.elsapagano.it\/immagine\/wp-content\/uploads\/2020\/09\/0cb6dc723e771b02dd07512fbb8282fd.jpg","contentUrl":"https:\/\/www.elsapagano.it\/immagine\/wp-content\/uploads\/2020\/09\/0cb6dc723e771b02dd07512fbb8282fd.jpg","width":750,"height":750},{"@type":"BreadcrumbList","@id":"https:\/\/www.elsapagano.it\/immagine\/2020\/09\/11\/cambio-armadio-e-obiettivo-capsule-wardrobe-tra-mito-e-realta\/#breadcrumb","itemListElement":[{"@type":"ListItem","position":1,"name":"Home","item":"https:\/\/www.elsapagano.it\/immagine\/"},{"@type":"ListItem","position":2,"name":"Cambio armadio e obiettivo capsule wardrobe tra mito e realt\u00e0"}]},{"@type":"WebSite","@id":"https:\/\/www.elsapagano.it\/immagine\/#website","url":"https:\/\/www.elsapagano.it\/immagine\/","name":"Elsa Pagano | News","description":"News","potentialAction":[{"@type":"SearchAction","target":{"@type":"EntryPoint","urlTemplate":"https:\/\/www.elsapagano.it\/immagine\/?s={search_term_string}"},"query-input":{"@type":"PropertyValueSpecification","valueRequired":true,"valueName":"search_term_string"}}],"inLanguage":"it-IT"},{"@type":"Person","@id":"https:\/\/www.elsapagano.it\/immagine\/#\/schema\/person\/0f84d49d110b2efde96049ab6be4517c","name":"Elsa Consulente","image":{"@type":"ImageObject","inLanguage":"it-IT","@id":"https:\/\/www.elsapagano.it\/immagine\/#\/schema\/person\/image\/","url":"https:\/\/secure.gravatar.com\/avatar\/1e55e7487ae60d09ace466471129ea63a0745b28ed75d6b864c0e2beddee1903?s=96&d=mm&r=g","contentUrl":"https:\/\/secure.gravatar.com\/avatar\/1e55e7487ae60d09ace466471129ea63a0745b28ed75d6b864c0e2beddee1903?s=96&d=mm&r=g","caption":"Elsa Consulente"}}]}},"_links":{"self":[{"href":"https:\/\/www.elsapagano.it\/immagine\/wp-json\/wp\/v2\/posts\/418","targetHints":{"allow":["GET"]}}],"collection":[{"href":"https:\/\/www.elsapagano.it\/immagine\/wp-json\/wp\/v2\/posts"}],"about":[{"href":"https:\/\/www.elsapagano.it\/immagine\/wp-json\/wp\/v2\/types\/post"}],"author":[{"embeddable":true,"href":"https:\/\/www.elsapagano.it\/immagine\/wp-json\/wp\/v2\/users\/1"}],"replies":[{"embeddable":true,"href":"https:\/\/www.elsapagano.it\/immagine\/wp-json\/wp\/v2\/comments?post=418"}],"version-history":[{"count":5,"href":"https:\/\/www.elsapagano.it\/immagine\/wp-json\/wp\/v2\/posts\/418\/revisions"}],"predecessor-version":[{"id":425,"href":"https:\/\/www.elsapagano.it\/immagine\/wp-json\/wp\/v2\/posts\/418\/revisions\/425"}],"wp:featuredmedia":[{"embeddable":true,"href":"https:\/\/www.elsapagano.it\/immagine\/wp-json\/wp\/v2\/media\/424"}],"wp:attachment":[{"href":"https:\/\/www.elsapagano.it\/immagine\/wp-json\/wp\/v2\/media?parent=418"}],"wp:term":[{"taxonomy":"category","embeddable":true,"href":"https:\/\/www.elsapagano.it\/immagine\/wp-json\/wp\/v2\/categories?post=418"},{"taxonomy":"post_tag","embeddable":true,"href":"https:\/\/www.elsapagano.it\/immagine\/wp-json\/wp\/v2\/tags?post=418"}],"curies":[{"name":"wp","href":"https:\/\/api.w.org\/{rel}","templated":true}]}}