{"id":382,"date":"2019-05-13T12:58:02","date_gmt":"2019-05-13T10:58:02","guid":{"rendered":"https:\/\/www.elsapagano.it\/immagine\/?p=382"},"modified":"2019-05-13T13:45:01","modified_gmt":"2019-05-13T11:45:01","slug":"qual-e-il-mio-abito-monospalla","status":"publish","type":"post","link":"https:\/\/www.elsapagano.it\/immagine\/2019\/05\/13\/qual-e-il-mio-abito-monospalla\/","title":{"rendered":"Qual \u00e8 il mio abito monospalla?"},"content":{"rendered":"\n<p>Tra alti e bassi climatici, la bella stagione \u00e8 davvero cominciata e possiamo finalmente sfoggiare i nostri abiti senza nasconderli sotto ai cappotti.<\/p>\n\n\n\n<p>Tra le tendenze di questo periodo avrete notato quel tocco di asimmetria ed estro che ciclicamente tanto apprezziamo: l\u2019abito monospalla. Sa essere elegante, femminile, grintoso, sensuale&#8230;insomma decisamente versatile! <\/p>\n\n\n\n<p>Ma arriviamo al punto pi\u00f9 interessante della questione: a chi dona il monospalla? S\u00ec perch\u00e9 seguire le tendenze non significa valorizzare il proprio fisico, e sarebbe un vero peccato costringere il proprio corpo in un abito modaiolo incapace di rendergli giustizia. <\/p>\n\n\n\n<p>E allora a chi dona l\u2019abito monospalla? <br>L\u2019abito monospalla sa vestire tutte coloro che hanno spalle ben evidenti e definite. Quindi verificata la presenza delle spalle, si passa ad un\u2019analisi generale delle varie fisicit\u00e0. <br><\/p>\n\n\n\n<h4 class=\"wp-block-heading\">Hai la pancetta e gambe magre? Scegli un abito scuro con pince a camuffare il ventre oppure un abito a trapezio<\/h4>\n\n\n\n<ul class=\"wp-block-gallery columns-2 is-cropped wp-block-gallery-1 is-layout-flex wp-block-gallery-is-layout-flex\"><li class=\"blocks-gallery-item\"><figure><img loading=\"lazy\" decoding=\"async\" width=\"476\" height=\"608\" src=\"https:\/\/www.elsapagano.it\/immagine\/wp-content\/uploads\/2019\/05\/11857654-1-black-3.jpeg\" alt=\"\" data-id=\"390\" data-link=\"https:\/\/www.elsapagano.it\/immagine\/2019\/05\/13\/qual-e-il-mio-abito-monospalla\/11857654-1-black-4\/\" class=\"wp-image-390\" srcset=\"https:\/\/www.elsapagano.it\/immagine\/wp-content\/uploads\/2019\/05\/11857654-1-black-3.jpeg 476w, https:\/\/www.elsapagano.it\/immagine\/wp-content\/uploads\/2019\/05\/11857654-1-black-3-235x300.jpeg 235w, https:\/\/www.elsapagano.it\/immagine\/wp-content\/uploads\/2019\/05\/11857654-1-black-3-391x500.jpeg 391w\" sizes=\"auto, (max-width: 476px) 100vw, 476px\" \/><\/figure><\/li><li class=\"blocks-gallery-item\"><figure><img loading=\"lazy\" decoding=\"async\" width=\"520\" height=\"650\" src=\"https:\/\/www.elsapagano.it\/immagine\/wp-content\/uploads\/2019\/05\/french-connection-red-Delphine-Floral-Print-One-Shoulder-Dress-1.jpeg\" alt=\"\" data-id=\"391\" data-link=\"https:\/\/www.elsapagano.it\/immagine\/2019\/05\/13\/qual-e-il-mio-abito-monospalla\/french-connection-red-delphine-floral-print-one-shoulder-dress-2\/\" class=\"wp-image-391\" srcset=\"https:\/\/www.elsapagano.it\/immagine\/wp-content\/uploads\/2019\/05\/french-connection-red-Delphine-Floral-Print-One-Shoulder-Dress-1.jpeg 520w, https:\/\/www.elsapagano.it\/immagine\/wp-content\/uploads\/2019\/05\/french-connection-red-Delphine-Floral-Print-One-Shoulder-Dress-1-240x300.jpeg 240w, https:\/\/www.elsapagano.it\/immagine\/wp-content\/uploads\/2019\/05\/french-connection-red-Delphine-Floral-Print-One-Shoulder-Dress-1-400x500.jpeg 400w\" sizes=\"auto, (max-width: 520px) 100vw, 520px\" \/><\/figure><\/li><\/ul>\n\n\n\n<h4 class=\"wp-block-heading\">Hai un fisico atletico con bacino molto stretto? Opta per un abito con gonna a pliss\u00e9 o a balze che creino movimento e volume<\/h4>\n\n\n\n<ul class=\"wp-block-gallery columns-2 is-cropped wp-block-gallery-2 is-layout-flex wp-block-gallery-is-layout-flex\"><li class=\"blocks-gallery-item\"><figure><img loading=\"lazy\" decoding=\"async\" width=\"476\" height=\"608\" src=\"https:\/\/www.elsapagano.it\/immagine\/wp-content\/uploads\/2019\/05\/11930855-1-bluebell.jpeg\" alt=\"\" data-id=\"393\" data-link=\"https:\/\/www.elsapagano.it\/immagine\/2019\/05\/13\/qual-e-il-mio-abito-monospalla\/11930855-1-bluebell\/\" class=\"wp-image-393\" srcset=\"https:\/\/www.elsapagano.it\/immagine\/wp-content\/uploads\/2019\/05\/11930855-1-bluebell.jpeg 476w, https:\/\/www.elsapagano.it\/immagine\/wp-content\/uploads\/2019\/05\/11930855-1-bluebell-235x300.jpeg 235w, https:\/\/www.elsapagano.it\/immagine\/wp-content\/uploads\/2019\/05\/11930855-1-bluebell-391x500.jpeg 391w\" sizes=\"auto, (max-width: 476px) 100vw, 476px\" \/><\/figure><\/li><li class=\"blocks-gallery-item\"><figure><img loading=\"lazy\" decoding=\"async\" width=\"803\" height=\"1024\" src=\"https:\/\/www.elsapagano.it\/immagine\/wp-content\/uploads\/2019\/05\/image4xxl-803x1024.jpg\" alt=\"\" data-id=\"394\" data-link=\"https:\/\/www.elsapagano.it\/immagine\/2019\/05\/13\/qual-e-il-mio-abito-monospalla\/image4xxl\/\" class=\"wp-image-394\" srcset=\"https:\/\/www.elsapagano.it\/immagine\/wp-content\/uploads\/2019\/05\/image4xxl-803x1024.jpg 803w, https:\/\/www.elsapagano.it\/immagine\/wp-content\/uploads\/2019\/05\/image4xxl-235x300.jpg 235w, https:\/\/www.elsapagano.it\/immagine\/wp-content\/uploads\/2019\/05\/image4xxl-768x980.jpg 768w, https:\/\/www.elsapagano.it\/immagine\/wp-content\/uploads\/2019\/05\/image4xxl-392x500.jpg 392w, https:\/\/www.elsapagano.it\/immagine\/wp-content\/uploads\/2019\/05\/image4xxl.jpg 870w\" sizes=\"auto, (max-width: 803px) 100vw, 803px\" \/><\/figure><\/li><\/ul>\n\n\n\n<h4 class=\"wp-block-heading\">Hai una fisicit\u00e0 asciutta e dritta con poco punto vita? Orientati su tagli come questi<\/h4>\n\n\n\n<ul class=\"wp-block-gallery columns-2 is-cropped wp-block-gallery-3 is-layout-flex wp-block-gallery-is-layout-flex\"><li class=\"blocks-gallery-item\"><figure><img loading=\"lazy\" decoding=\"async\" width=\"803\" height=\"1024\" src=\"https:\/\/www.elsapagano.it\/immagine\/wp-content\/uploads\/2019\/05\/58a39237a01ad937355c3a4fc4cabc03-803x1024.jpeg\" alt=\"\" data-id=\"396\" data-link=\"https:\/\/www.elsapagano.it\/immagine\/?attachment_id=396\" class=\"wp-image-396\" srcset=\"https:\/\/www.elsapagano.it\/immagine\/wp-content\/uploads\/2019\/05\/58a39237a01ad937355c3a4fc4cabc03-803x1024.jpeg 803w, https:\/\/www.elsapagano.it\/immagine\/wp-content\/uploads\/2019\/05\/58a39237a01ad937355c3a4fc4cabc03-235x300.jpeg 235w, https:\/\/www.elsapagano.it\/immagine\/wp-content\/uploads\/2019\/05\/58a39237a01ad937355c3a4fc4cabc03-768x980.jpeg 768w, https:\/\/www.elsapagano.it\/immagine\/wp-content\/uploads\/2019\/05\/58a39237a01ad937355c3a4fc4cabc03-392x500.jpeg 392w, https:\/\/www.elsapagano.it\/immagine\/wp-content\/uploads\/2019\/05\/58a39237a01ad937355c3a4fc4cabc03.jpeg 870w\" sizes=\"auto, (max-width: 803px) 100vw, 803px\" \/><\/figure><\/li><li class=\"blocks-gallery-item\"><figure><img loading=\"lazy\" decoding=\"async\" width=\"476\" height=\"608\" src=\"https:\/\/www.elsapagano.it\/immagine\/wp-content\/uploads\/2019\/05\/11289766-1-white.jpeg\" alt=\"\" data-id=\"397\" data-link=\"https:\/\/www.elsapagano.it\/immagine\/?attachment_id=397\" class=\"wp-image-397\" srcset=\"https:\/\/www.elsapagano.it\/immagine\/wp-content\/uploads\/2019\/05\/11289766-1-white.jpeg 476w, https:\/\/www.elsapagano.it\/immagine\/wp-content\/uploads\/2019\/05\/11289766-1-white-235x300.jpeg 235w, https:\/\/www.elsapagano.it\/immagine\/wp-content\/uploads\/2019\/05\/11289766-1-white-391x500.jpeg 391w\" sizes=\"auto, (max-width: 476px) 100vw, 476px\" \/><\/figure><\/li><\/ul>\n\n\n\n<h4 class=\"wp-block-heading\">Sei formosa con girovita ben definito? Punta a seguire la linea naturale del corpo con un abito &#8220;morbidamente&#8221; fasciante oppure scegli un abito a portafoglio con fiocco ad esaltare il punto vita<\/h4>\n\n\n\n<ul class=\"wp-block-gallery columns-2 is-cropped wp-block-gallery-4 is-layout-flex wp-block-gallery-is-layout-flex\"><li class=\"blocks-gallery-item\"><figure><img loading=\"lazy\" decoding=\"async\" width=\"513\" height=\"655\" src=\"https:\/\/www.elsapagano.it\/immagine\/wp-content\/uploads\/2019\/05\/11381040-1-multi.jpeg\" alt=\"\" data-id=\"399\" data-link=\"https:\/\/www.elsapagano.it\/immagine\/2019\/05\/13\/qual-e-il-mio-abito-monospalla\/11381040-1-multi\/\" class=\"wp-image-399\" srcset=\"https:\/\/www.elsapagano.it\/immagine\/wp-content\/uploads\/2019\/05\/11381040-1-multi.jpeg 513w, https:\/\/www.elsapagano.it\/immagine\/wp-content\/uploads\/2019\/05\/11381040-1-multi-235x300.jpeg 235w, https:\/\/www.elsapagano.it\/immagine\/wp-content\/uploads\/2019\/05\/11381040-1-multi-392x500.jpeg 392w\" sizes=\"auto, (max-width: 513px) 100vw, 513px\" \/><\/figure><\/li><li class=\"blocks-gallery-item\"><figure><img loading=\"lazy\" decoding=\"async\" width=\"513\" height=\"655\" src=\"https:\/\/www.elsapagano.it\/immagine\/wp-content\/uploads\/2019\/05\/10628942-1-multistripe.jpeg\" alt=\"\" data-id=\"400\" data-link=\"https:\/\/www.elsapagano.it\/immagine\/2019\/05\/13\/qual-e-il-mio-abito-monospalla\/10628942-1-multistripe\/\" class=\"wp-image-400\" srcset=\"https:\/\/www.elsapagano.it\/immagine\/wp-content\/uploads\/2019\/05\/10628942-1-multistripe.jpeg 513w, https:\/\/www.elsapagano.it\/immagine\/wp-content\/uploads\/2019\/05\/10628942-1-multistripe-235x300.jpeg 235w, https:\/\/www.elsapagano.it\/immagine\/wp-content\/uploads\/2019\/05\/10628942-1-multistripe-392x500.jpeg 392w\" sizes=\"auto, (max-width: 513px) 100vw, 513px\" \/><\/figure><\/li><\/ul>\n\n\n\n<p>Hai spalle spioventi o piccole? Non demoralizzarti, siamo sulla stessa barca! <br>Meglio orientarsi su altri scolli e ricorda che le tendenze vanno usate a nostro vantaggio! <br><\/p>\n\n\n\n<p><a rel=\"noreferrer noopener\" aria-label=\"Per saperne di pi\u00f9 scrivimi  (si apre in una nuova scheda)\" href=\"https:\/\/www.elsapagano.it\/contatti\" target=\"_blank\">Per saperne di pi\u00f9 scrivimi <\/a><\/p>\n","protected":false},"excerpt":{"rendered":"<p>Tra alti e bassi climatici, la bella stagione \u00e8 davvero cominciata e possiamo finalmente sfoggiare i nostri abiti senza nasconderli sotto ai cappotti. Tra le tendenze di questo periodo avrete&#8230;<\/p>\n","protected":false},"author":1,"featured_media":404,"comment_status":"open","ping_status":"open","sticky":false,"template":"","format":"standard","meta":{"pmpro_default_level":"","footnotes":""},"categories":[4],"tags":[],"class_list":{"0":"post-382","1":"post","2":"type-post","3":"status-publish","4":"format-standard","5":"has-post-thumbnail","7":"category-news","8":"pmpro-has-access"},"yoast_head":"<!-- This site is optimized with the Yoast SEO plugin v26.7 - https:\/\/yoast.com\/wordpress\/plugins\/seo\/ -->\n<title>Qual \u00e8 il mio abito monospalla? | Elsa Pagano<\/title>\n<meta name=\"description\" content=\"Tra le tendenze di questo periodo avrete notato quel tocco di asimmetria ed estro che ciclicamente tanto apprezziamo: l\u2019abito monospalla.\" \/>\n<meta name=\"robots\" content=\"index, follow, max-snippet:-1, max-image-preview:large, max-video-preview:-1\" \/>\n<link rel=\"canonical\" href=\"https:\/\/www.elsapagano.it\/immagine\/2019\/05\/13\/qual-e-il-mio-abito-monospalla\/\" \/>\n<meta property=\"og:locale\" content=\"it_IT\" \/>\n<meta property=\"og:type\" content=\"article\" \/>\n<meta property=\"og:title\" content=\"Qual \u00e8 il mio abito monospalla? | Elsa Pagano\" \/>\n<meta property=\"og:description\" content=\"Tra le tendenze di questo periodo avrete notato quel tocco di asimmetria ed estro che ciclicamente tanto apprezziamo: l\u2019abito monospalla.\" \/>\n<meta property=\"og:url\" content=\"https:\/\/www.elsapagano.it\/immagine\/2019\/05\/13\/qual-e-il-mio-abito-monospalla\/\" \/>\n<meta property=\"og:site_name\" content=\"Elsa Pagano\" \/>\n<meta property=\"article:publisher\" content=\"https:\/\/www.facebook.com\/elsapaganoconsulentedimmagine\/\" \/>\n<meta property=\"article:published_time\" content=\"2019-05-13T10:58:02+00:00\" \/>\n<meta property=\"article:modified_time\" content=\"2019-05-13T11:45:01+00:00\" \/>\n<meta property=\"og:image\" content=\"https:\/\/www.elsapagano.it\/immagine\/wp-content\/uploads\/2019\/05\/SWAP-1.png\" \/>\n\t<meta property=\"og:image:width\" content=\"560\" \/>\n\t<meta property=\"og:image:height\" content=\"315\" \/>\n\t<meta property=\"og:image:type\" content=\"image\/png\" \/>\n<meta name=\"author\" content=\"Elsa Consulente\" \/>\n<meta name=\"twitter:card\" content=\"summary_large_image\" \/>\n<meta name=\"twitter:label1\" content=\"Scritto da\" \/>\n\t<meta name=\"twitter:data1\" content=\"Elsa Consulente\" \/>\n\t<meta name=\"twitter:label2\" content=\"Tempo di lettura stimato\" \/>\n\t<meta name=\"twitter:data2\" content=\"1 minuto\" \/>\n<script type=\"application\/ld+json\" class=\"yoast-schema-graph\">{\"@context\":\"https:\/\/schema.org\",\"@graph\":[{\"@type\":\"Article\",\"@id\":\"https:\/\/www.elsapagano.it\/immagine\/2019\/05\/13\/qual-e-il-mio-abito-monospalla\/#article\",\"isPartOf\":{\"@id\":\"https:\/\/www.elsapagano.it\/immagine\/2019\/05\/13\/qual-e-il-mio-abito-monospalla\/\"},\"author\":{\"name\":\"Elsa Consulente\",\"@id\":\"https:\/\/www.elsapagano.it\/immagine\/#\/schema\/person\/0f84d49d110b2efde96049ab6be4517c\"},\"headline\":\"Qual \u00e8 il mio abito monospalla?\",\"datePublished\":\"2019-05-13T10:58:02+00:00\",\"dateModified\":\"2019-05-13T11:45:01+00:00\",\"mainEntityOfPage\":{\"@id\":\"https:\/\/www.elsapagano.it\/immagine\/2019\/05\/13\/qual-e-il-mio-abito-monospalla\/\"},\"wordCount\":258,\"commentCount\":0,\"image\":{\"@id\":\"https:\/\/www.elsapagano.it\/immagine\/2019\/05\/13\/qual-e-il-mio-abito-monospalla\/#primaryimage\"},\"thumbnailUrl\":\"https:\/\/www.elsapagano.it\/immagine\/wp-content\/uploads\/2019\/05\/SWAP-1.png\",\"articleSection\":[\"News\"],\"inLanguage\":\"it-IT\",\"potentialAction\":[{\"@type\":\"CommentAction\",\"name\":\"Comment\",\"target\":[\"https:\/\/www.elsapagano.it\/immagine\/2019\/05\/13\/qual-e-il-mio-abito-monospalla\/#respond\"]}]},{\"@type\":\"WebPage\",\"@id\":\"https:\/\/www.elsapagano.it\/immagine\/2019\/05\/13\/qual-e-il-mio-abito-monospalla\/\",\"url\":\"https:\/\/www.elsapagano.it\/immagine\/2019\/05\/13\/qual-e-il-mio-abito-monospalla\/\",\"name\":\"Qual \u00e8 il mio abito monospalla? | Elsa Pagano\",\"isPartOf\":{\"@id\":\"https:\/\/www.elsapagano.it\/immagine\/#website\"},\"primaryImageOfPage\":{\"@id\":\"https:\/\/www.elsapagano.it\/immagine\/2019\/05\/13\/qual-e-il-mio-abito-monospalla\/#primaryimage\"},\"image\":{\"@id\":\"https:\/\/www.elsapagano.it\/immagine\/2019\/05\/13\/qual-e-il-mio-abito-monospalla\/#primaryimage\"},\"thumbnailUrl\":\"https:\/\/www.elsapagano.it\/immagine\/wp-content\/uploads\/2019\/05\/SWAP-1.png\",\"datePublished\":\"2019-05-13T10:58:02+00:00\",\"dateModified\":\"2019-05-13T11:45:01+00:00\",\"author\":{\"@id\":\"https:\/\/www.elsapagano.it\/immagine\/#\/schema\/person\/0f84d49d110b2efde96049ab6be4517c\"},\"description\":\"Tra le tendenze di questo periodo avrete notato quel tocco di asimmetria ed estro che ciclicamente tanto apprezziamo: l\u2019abito monospalla.\",\"breadcrumb\":{\"@id\":\"https:\/\/www.elsapagano.it\/immagine\/2019\/05\/13\/qual-e-il-mio-abito-monospalla\/#breadcrumb\"},\"inLanguage\":\"it-IT\",\"potentialAction\":[{\"@type\":\"ReadAction\",\"target\":[\"https:\/\/www.elsapagano.it\/immagine\/2019\/05\/13\/qual-e-il-mio-abito-monospalla\/\"]}]},{\"@type\":\"ImageObject\",\"inLanguage\":\"it-IT\",\"@id\":\"https:\/\/www.elsapagano.it\/immagine\/2019\/05\/13\/qual-e-il-mio-abito-monospalla\/#primaryimage\",\"url\":\"https:\/\/www.elsapagano.it\/immagine\/wp-content\/uploads\/2019\/05\/SWAP-1.png\",\"contentUrl\":\"https:\/\/www.elsapagano.it\/immagine\/wp-content\/uploads\/2019\/05\/SWAP-1.png\",\"width\":560,\"height\":315},{\"@type\":\"BreadcrumbList\",\"@id\":\"https:\/\/www.elsapagano.it\/immagine\/2019\/05\/13\/qual-e-il-mio-abito-monospalla\/#breadcrumb\",\"itemListElement\":[{\"@type\":\"ListItem\",\"position\":1,\"name\":\"Home\",\"item\":\"https:\/\/www.elsapagano.it\/immagine\/\"},{\"@type\":\"ListItem\",\"position\":2,\"name\":\"Qual \u00e8 il mio abito monospalla?\"}]},{\"@type\":\"WebSite\",\"@id\":\"https:\/\/www.elsapagano.it\/immagine\/#website\",\"url\":\"https:\/\/www.elsapagano.it\/immagine\/\",\"name\":\"Elsa Pagano | News\",\"description\":\"News\",\"potentialAction\":[{\"@type\":\"SearchAction\",\"target\":{\"@type\":\"EntryPoint\",\"urlTemplate\":\"https:\/\/www.elsapagano.it\/immagine\/?s={search_term_string}\"},\"query-input\":{\"@type\":\"PropertyValueSpecification\",\"valueRequired\":true,\"valueName\":\"search_term_string\"}}],\"inLanguage\":\"it-IT\"},{\"@type\":\"Person\",\"@id\":\"https:\/\/www.elsapagano.it\/immagine\/#\/schema\/person\/0f84d49d110b2efde96049ab6be4517c\",\"name\":\"Elsa Consulente\",\"image\":{\"@type\":\"ImageObject\",\"inLanguage\":\"it-IT\",\"@id\":\"https:\/\/www.elsapagano.it\/immagine\/#\/schema\/person\/image\/\",\"url\":\"https:\/\/secure.gravatar.com\/avatar\/1e55e7487ae60d09ace466471129ea63a0745b28ed75d6b864c0e2beddee1903?s=96&d=mm&r=g\",\"contentUrl\":\"https:\/\/secure.gravatar.com\/avatar\/1e55e7487ae60d09ace466471129ea63a0745b28ed75d6b864c0e2beddee1903?s=96&d=mm&r=g\",\"caption\":\"Elsa Consulente\"}}]}<\/script>\n<!-- \/ Yoast SEO plugin. -->","yoast_head_json":{"title":"Qual \u00e8 il mio abito monospalla? | Elsa Pagano","description":"Tra le tendenze di questo periodo avrete notato quel tocco di asimmetria ed estro che ciclicamente tanto apprezziamo: l\u2019abito monospalla.","robots":{"index":"index","follow":"follow","max-snippet":"max-snippet:-1","max-image-preview":"max-image-preview:large","max-video-preview":"max-video-preview:-1"},"canonical":"https:\/\/www.elsapagano.it\/immagine\/2019\/05\/13\/qual-e-il-mio-abito-monospalla\/","og_locale":"it_IT","og_type":"article","og_title":"Qual \u00e8 il mio abito monospalla? | Elsa Pagano","og_description":"Tra le tendenze di questo periodo avrete notato quel tocco di asimmetria ed estro che ciclicamente tanto apprezziamo: l\u2019abito monospalla.","og_url":"https:\/\/www.elsapagano.it\/immagine\/2019\/05\/13\/qual-e-il-mio-abito-monospalla\/","og_site_name":"Elsa Pagano","article_publisher":"https:\/\/www.facebook.com\/elsapaganoconsulentedimmagine\/","article_published_time":"2019-05-13T10:58:02+00:00","article_modified_time":"2019-05-13T11:45:01+00:00","og_image":[{"width":560,"height":315,"url":"https:\/\/www.elsapagano.it\/immagine\/wp-content\/uploads\/2019\/05\/SWAP-1.png","type":"image\/png"}],"author":"Elsa Consulente","twitter_card":"summary_large_image","twitter_misc":{"Scritto da":"Elsa Consulente","Tempo di lettura stimato":"1 minuto"},"schema":{"@context":"https:\/\/schema.org","@graph":[{"@type":"Article","@id":"https:\/\/www.elsapagano.it\/immagine\/2019\/05\/13\/qual-e-il-mio-abito-monospalla\/#article","isPartOf":{"@id":"https:\/\/www.elsapagano.it\/immagine\/2019\/05\/13\/qual-e-il-mio-abito-monospalla\/"},"author":{"name":"Elsa Consulente","@id":"https:\/\/www.elsapagano.it\/immagine\/#\/schema\/person\/0f84d49d110b2efde96049ab6be4517c"},"headline":"Qual \u00e8 il mio abito monospalla?","datePublished":"2019-05-13T10:58:02+00:00","dateModified":"2019-05-13T11:45:01+00:00","mainEntityOfPage":{"@id":"https:\/\/www.elsapagano.it\/immagine\/2019\/05\/13\/qual-e-il-mio-abito-monospalla\/"},"wordCount":258,"commentCount":0,"image":{"@id":"https:\/\/www.elsapagano.it\/immagine\/2019\/05\/13\/qual-e-il-mio-abito-monospalla\/#primaryimage"},"thumbnailUrl":"https:\/\/www.elsapagano.it\/immagine\/wp-content\/uploads\/2019\/05\/SWAP-1.png","articleSection":["News"],"inLanguage":"it-IT","potentialAction":[{"@type":"CommentAction","name":"Comment","target":["https:\/\/www.elsapagano.it\/immagine\/2019\/05\/13\/qual-e-il-mio-abito-monospalla\/#respond"]}]},{"@type":"WebPage","@id":"https:\/\/www.elsapagano.it\/immagine\/2019\/05\/13\/qual-e-il-mio-abito-monospalla\/","url":"https:\/\/www.elsapagano.it\/immagine\/2019\/05\/13\/qual-e-il-mio-abito-monospalla\/","name":"Qual \u00e8 il mio abito monospalla? | Elsa Pagano","isPartOf":{"@id":"https:\/\/www.elsapagano.it\/immagine\/#website"},"primaryImageOfPage":{"@id":"https:\/\/www.elsapagano.it\/immagine\/2019\/05\/13\/qual-e-il-mio-abito-monospalla\/#primaryimage"},"image":{"@id":"https:\/\/www.elsapagano.it\/immagine\/2019\/05\/13\/qual-e-il-mio-abito-monospalla\/#primaryimage"},"thumbnailUrl":"https:\/\/www.elsapagano.it\/immagine\/wp-content\/uploads\/2019\/05\/SWAP-1.png","datePublished":"2019-05-13T10:58:02+00:00","dateModified":"2019-05-13T11:45:01+00:00","author":{"@id":"https:\/\/www.elsapagano.it\/immagine\/#\/schema\/person\/0f84d49d110b2efde96049ab6be4517c"},"description":"Tra le tendenze di questo periodo avrete notato quel tocco di asimmetria ed estro che ciclicamente tanto apprezziamo: l\u2019abito monospalla.","breadcrumb":{"@id":"https:\/\/www.elsapagano.it\/immagine\/2019\/05\/13\/qual-e-il-mio-abito-monospalla\/#breadcrumb"},"inLanguage":"it-IT","potentialAction":[{"@type":"ReadAction","target":["https:\/\/www.elsapagano.it\/immagine\/2019\/05\/13\/qual-e-il-mio-abito-monospalla\/"]}]},{"@type":"ImageObject","inLanguage":"it-IT","@id":"https:\/\/www.elsapagano.it\/immagine\/2019\/05\/13\/qual-e-il-mio-abito-monospalla\/#primaryimage","url":"https:\/\/www.elsapagano.it\/immagine\/wp-content\/uploads\/2019\/05\/SWAP-1.png","contentUrl":"https:\/\/www.elsapagano.it\/immagine\/wp-content\/uploads\/2019\/05\/SWAP-1.png","width":560,"height":315},{"@type":"BreadcrumbList","@id":"https:\/\/www.elsapagano.it\/immagine\/2019\/05\/13\/qual-e-il-mio-abito-monospalla\/#breadcrumb","itemListElement":[{"@type":"ListItem","position":1,"name":"Home","item":"https:\/\/www.elsapagano.it\/immagine\/"},{"@type":"ListItem","position":2,"name":"Qual \u00e8 il mio abito monospalla?"}]},{"@type":"WebSite","@id":"https:\/\/www.elsapagano.it\/immagine\/#website","url":"https:\/\/www.elsapagano.it\/immagine\/","name":"Elsa Pagano | News","description":"News","potentialAction":[{"@type":"SearchAction","target":{"@type":"EntryPoint","urlTemplate":"https:\/\/www.elsapagano.it\/immagine\/?s={search_term_string}"},"query-input":{"@type":"PropertyValueSpecification","valueRequired":true,"valueName":"search_term_string"}}],"inLanguage":"it-IT"},{"@type":"Person","@id":"https:\/\/www.elsapagano.it\/immagine\/#\/schema\/person\/0f84d49d110b2efde96049ab6be4517c","name":"Elsa Consulente","image":{"@type":"ImageObject","inLanguage":"it-IT","@id":"https:\/\/www.elsapagano.it\/immagine\/#\/schema\/person\/image\/","url":"https:\/\/secure.gravatar.com\/avatar\/1e55e7487ae60d09ace466471129ea63a0745b28ed75d6b864c0e2beddee1903?s=96&d=mm&r=g","contentUrl":"https:\/\/secure.gravatar.com\/avatar\/1e55e7487ae60d09ace466471129ea63a0745b28ed75d6b864c0e2beddee1903?s=96&d=mm&r=g","caption":"Elsa Consulente"}}]}},"_links":{"self":[{"href":"https:\/\/www.elsapagano.it\/immagine\/wp-json\/wp\/v2\/posts\/382","targetHints":{"allow":["GET"]}}],"collection":[{"href":"https:\/\/www.elsapagano.it\/immagine\/wp-json\/wp\/v2\/posts"}],"about":[{"href":"https:\/\/www.elsapagano.it\/immagine\/wp-json\/wp\/v2\/types\/post"}],"author":[{"embeddable":true,"href":"https:\/\/www.elsapagano.it\/immagine\/wp-json\/wp\/v2\/users\/1"}],"replies":[{"embeddable":true,"href":"https:\/\/www.elsapagano.it\/immagine\/wp-json\/wp\/v2\/comments?post=382"}],"version-history":[{"count":12,"href":"https:\/\/www.elsapagano.it\/immagine\/wp-json\/wp\/v2\/posts\/382\/revisions"}],"predecessor-version":[{"id":413,"href":"https:\/\/www.elsapagano.it\/immagine\/wp-json\/wp\/v2\/posts\/382\/revisions\/413"}],"wp:featuredmedia":[{"embeddable":true,"href":"https:\/\/www.elsapagano.it\/immagine\/wp-json\/wp\/v2\/media\/404"}],"wp:attachment":[{"href":"https:\/\/www.elsapagano.it\/immagine\/wp-json\/wp\/v2\/media?parent=382"}],"wp:term":[{"taxonomy":"category","embeddable":true,"href":"https:\/\/www.elsapagano.it\/immagine\/wp-json\/wp\/v2\/categories?post=382"},{"taxonomy":"post_tag","embeddable":true,"href":"https:\/\/www.elsapagano.it\/immagine\/wp-json\/wp\/v2\/tags?post=382"}],"curies":[{"name":"wp","href":"https:\/\/api.w.org\/{rel}","templated":true}]}}