{"id":362,"date":"2019-02-20T10:54:50","date_gmt":"2019-02-20T09:54:50","guid":{"rendered":"https:\/\/www.elsapagano.it\/immagine\/?p=362"},"modified":"2019-02-20T11:09:17","modified_gmt":"2019-02-20T10:09:17","slug":"milano-unica-tessuti-e-tendenze-primavera-estate-2020","status":"publish","type":"post","link":"https:\/\/www.elsapagano.it\/immagine\/2019\/02\/20\/milano-unica-tessuti-e-tendenze-primavera-estate-2020\/","title":{"rendered":"Milano Unica: tessuti e tendenze (primavera-estate 2020)"},"content":{"rendered":"\n<p>Milano Unica \u00e8 una fiera dedicata al settore tessile, in cui sono presenti i pi\u00f9 importanti brand per qualit\u00e0 del servizio, innovazione e tradizione.<br>La \u201crivoluzione sostenibile\u201d ha ridefinito i parametri di competitivit\u00e0 delle imprese tessili: fattori come il risparmio energetico, la riduzione di sostanze pericolose e la formalizzazione dei requisiti di sicurezza sul lavoro condizionano e rappresentano la reputazione dei brand e la qualit\u00e0 dei prodotti.<br><\/p>\n\n\n\n<p>Cos\u00ec all\u2019interno degli stand viene dato maggior rilievo alle imprese che mostrano un alto impegno nell\u2019innovazione dei processi chimico-tessili e &#8211; come spiega il Presidente Botto Poala &#8211; \u201c\u00e8 occasione per fare rete e sviluppare strategie ed opportunit\u00e0 condivise per rafforzare il Made in Italy\u201d.<br><\/p>\n\n\n\n<p>Durante la 28a edizione svoltasi la settimana scorsa, abbiamo potuto scoprire i tessuti e le tendenze della primavera-estate 2020, con oltre 700 campioni divisi in aree tematiche costituite da fusioni trasversali tra food, musica, passato e futuro, al fine di suggerire nuovi mix di stili.<br><\/p>\n\n\n\n<figure class=\"wp-block-embed-instagram wp-block-embed is-type-rich is-provider-instagram\"><div class=\"wp-block-embed__wrapper\">\nhttps:\/\/www.instagram.com\/p\/Bp6oxwHnIt9\/\n<\/div><\/figure>\n\n\n\n<p>Palette giocose, richiami romantici, nuance speziate: la contaminazione culturale come spinta alla sperimentazione ed alla innovazione, attraverso un viaggio nel tempo fatto di suoni, sentori, esperienze tattili ed estetica.<br><\/p>\n\n\n\n<figure class=\"wp-block-embed-instagram wp-block-embed is-type-rich is-provider-instagram\"><div class=\"wp-block-embed__wrapper\">\nhttps:\/\/www.instagram.com\/p\/Bp6ph-Bng-A\/\n<\/div><\/figure>\n\n\n\n<p>Come ci ha insegnato Karl Lagerfeld, la moda \u00e8 un linguaggio che interpreta la realt\u00e0 ed \u00e8 quantomai positivo sapere che la direzione presa dalle imprese tessili sia forte degli insegnamenti e delle ispirazioni passate in una prospettiva pi\u00f9 alta, che aspira a consapevolezze e valori sociali forti ed attuali.<\/p>\n\n\n\n<figure class=\"wp-block-embed-instagram wp-block-embed is-type-rich is-provider-instagram\"><div class=\"wp-block-embed__wrapper\">\nhttps:\/\/www.instagram.com\/p\/Bp6nWxDHMtJ\/\n<\/div><\/figure>\n","protected":false},"excerpt":{"rendered":"<p>Milano Unica \u00e8 una fiera dedicata al settore tessile, in cui sono presenti i pi\u00f9 importanti brand per qualit\u00e0 del servizio, innovazione e tradizione.La \u201crivoluzione sostenibile\u201d ha ridefinito i parametri&#8230;<\/p>\n","protected":false},"author":1,"featured_media":365,"comment_status":"open","ping_status":"open","sticky":false,"template":"","format":"standard","meta":{"pmpro_default_level":"","footnotes":""},"categories":[4],"tags":[25,24,23],"class_list":{"0":"post-362","1":"post","2":"type-post","3":"status-publish","4":"format-standard","5":"has-post-thumbnail","7":"category-news","8":"tag-color-palette","9":"tag-innovazione","10":"tag-sostenibilita","11":"pmpro-has-access"},"yoast_head":"<!-- This site is optimized with the Yoast SEO plugin v26.7 - https:\/\/yoast.com\/wordpress\/plugins\/seo\/ -->\n<title>Milano Unica: tessuti e tendenze (primavera-estate 2020) | Elsa Pagano<\/title>\n<meta name=\"robots\" content=\"index, follow, max-snippet:-1, max-image-preview:large, max-video-preview:-1\" \/>\n<link rel=\"canonical\" href=\"https:\/\/www.elsapagano.it\/immagine\/2019\/02\/20\/milano-unica-tessuti-e-tendenze-primavera-estate-2020\/\" \/>\n<meta property=\"og:locale\" content=\"it_IT\" \/>\n<meta property=\"og:type\" content=\"article\" \/>\n<meta property=\"og:title\" content=\"Milano Unica: tessuti e tendenze (primavera-estate 2020) | Elsa Pagano\" \/>\n<meta property=\"og:description\" content=\"Milano Unica \u00e8 una fiera dedicata al settore tessile, in cui sono presenti i pi\u00f9 importanti brand per qualit\u00e0 del servizio, innovazione e tradizione.La \u201crivoluzione sostenibile\u201d ha ridefinito i parametri...\" \/>\n<meta property=\"og:url\" content=\"https:\/\/www.elsapagano.it\/immagine\/2019\/02\/20\/milano-unica-tessuti-e-tendenze-primavera-estate-2020\/\" \/>\n<meta property=\"og:site_name\" content=\"Elsa Pagano\" \/>\n<meta property=\"article:publisher\" content=\"https:\/\/www.facebook.com\/elsapaganoconsulentedimmagine\/\" \/>\n<meta property=\"article:published_time\" content=\"2019-02-20T09:54:50+00:00\" \/>\n<meta property=\"article:modified_time\" content=\"2019-02-20T10:09:17+00:00\" \/>\n<meta property=\"og:image\" content=\"https:\/\/www.elsapagano.it\/immagine\/wp-content\/uploads\/2019\/02\/SWAP-1.png\" \/>\n\t<meta property=\"og:image:width\" content=\"560\" \/>\n\t<meta property=\"og:image:height\" content=\"315\" \/>\n\t<meta property=\"og:image:type\" content=\"image\/png\" \/>\n<meta name=\"author\" content=\"Elsa Consulente\" \/>\n<meta name=\"twitter:card\" content=\"summary_large_image\" \/>\n<meta name=\"twitter:label1\" content=\"Scritto da\" \/>\n\t<meta name=\"twitter:data1\" content=\"Elsa Consulente\" \/>\n\t<meta name=\"twitter:label2\" content=\"Tempo di lettura stimato\" \/>\n\t<meta name=\"twitter:data2\" content=\"1 minuto\" \/>\n<script type=\"application\/ld+json\" class=\"yoast-schema-graph\">{\"@context\":\"https:\/\/schema.org\",\"@graph\":[{\"@type\":\"Article\",\"@id\":\"https:\/\/www.elsapagano.it\/immagine\/2019\/02\/20\/milano-unica-tessuti-e-tendenze-primavera-estate-2020\/#article\",\"isPartOf\":{\"@id\":\"https:\/\/www.elsapagano.it\/immagine\/2019\/02\/20\/milano-unica-tessuti-e-tendenze-primavera-estate-2020\/\"},\"author\":{\"name\":\"Elsa Consulente\",\"@id\":\"https:\/\/www.elsapagano.it\/immagine\/#\/schema\/person\/0f84d49d110b2efde96049ab6be4517c\"},\"headline\":\"Milano Unica: tessuti e tendenze (primavera-estate 2020)\",\"datePublished\":\"2019-02-20T09:54:50+00:00\",\"dateModified\":\"2019-02-20T10:09:17+00:00\",\"mainEntityOfPage\":{\"@id\":\"https:\/\/www.elsapagano.it\/immagine\/2019\/02\/20\/milano-unica-tessuti-e-tendenze-primavera-estate-2020\/\"},\"wordCount\":259,\"commentCount\":0,\"image\":{\"@id\":\"https:\/\/www.elsapagano.it\/immagine\/2019\/02\/20\/milano-unica-tessuti-e-tendenze-primavera-estate-2020\/#primaryimage\"},\"thumbnailUrl\":\"https:\/\/www.elsapagano.it\/immagine\/wp-content\/uploads\/2019\/02\/SWAP-1.png\",\"keywords\":[\"color palette\",\"innovazione\",\"sostenibilit\u00e0\"],\"articleSection\":[\"News\"],\"inLanguage\":\"it-IT\",\"potentialAction\":[{\"@type\":\"CommentAction\",\"name\":\"Comment\",\"target\":[\"https:\/\/www.elsapagano.it\/immagine\/2019\/02\/20\/milano-unica-tessuti-e-tendenze-primavera-estate-2020\/#respond\"]}]},{\"@type\":\"WebPage\",\"@id\":\"https:\/\/www.elsapagano.it\/immagine\/2019\/02\/20\/milano-unica-tessuti-e-tendenze-primavera-estate-2020\/\",\"url\":\"https:\/\/www.elsapagano.it\/immagine\/2019\/02\/20\/milano-unica-tessuti-e-tendenze-primavera-estate-2020\/\",\"name\":\"Milano Unica: tessuti e tendenze (primavera-estate 2020) | Elsa Pagano\",\"isPartOf\":{\"@id\":\"https:\/\/www.elsapagano.it\/immagine\/#website\"},\"primaryImageOfPage\":{\"@id\":\"https:\/\/www.elsapagano.it\/immagine\/2019\/02\/20\/milano-unica-tessuti-e-tendenze-primavera-estate-2020\/#primaryimage\"},\"image\":{\"@id\":\"https:\/\/www.elsapagano.it\/immagine\/2019\/02\/20\/milano-unica-tessuti-e-tendenze-primavera-estate-2020\/#primaryimage\"},\"thumbnailUrl\":\"https:\/\/www.elsapagano.it\/immagine\/wp-content\/uploads\/2019\/02\/SWAP-1.png\",\"datePublished\":\"2019-02-20T09:54:50+00:00\",\"dateModified\":\"2019-02-20T10:09:17+00:00\",\"author\":{\"@id\":\"https:\/\/www.elsapagano.it\/immagine\/#\/schema\/person\/0f84d49d110b2efde96049ab6be4517c\"},\"breadcrumb\":{\"@id\":\"https:\/\/www.elsapagano.it\/immagine\/2019\/02\/20\/milano-unica-tessuti-e-tendenze-primavera-estate-2020\/#breadcrumb\"},\"inLanguage\":\"it-IT\",\"potentialAction\":[{\"@type\":\"ReadAction\",\"target\":[\"https:\/\/www.elsapagano.it\/immagine\/2019\/02\/20\/milano-unica-tessuti-e-tendenze-primavera-estate-2020\/\"]}]},{\"@type\":\"ImageObject\",\"inLanguage\":\"it-IT\",\"@id\":\"https:\/\/www.elsapagano.it\/immagine\/2019\/02\/20\/milano-unica-tessuti-e-tendenze-primavera-estate-2020\/#primaryimage\",\"url\":\"https:\/\/www.elsapagano.it\/immagine\/wp-content\/uploads\/2019\/02\/SWAP-1.png\",\"contentUrl\":\"https:\/\/www.elsapagano.it\/immagine\/wp-content\/uploads\/2019\/02\/SWAP-1.png\",\"width\":560,\"height\":315},{\"@type\":\"BreadcrumbList\",\"@id\":\"https:\/\/www.elsapagano.it\/immagine\/2019\/02\/20\/milano-unica-tessuti-e-tendenze-primavera-estate-2020\/#breadcrumb\",\"itemListElement\":[{\"@type\":\"ListItem\",\"position\":1,\"name\":\"Home\",\"item\":\"https:\/\/www.elsapagano.it\/immagine\/\"},{\"@type\":\"ListItem\",\"position\":2,\"name\":\"Milano Unica: tessuti e tendenze (primavera-estate 2020)\"}]},{\"@type\":\"WebSite\",\"@id\":\"https:\/\/www.elsapagano.it\/immagine\/#website\",\"url\":\"https:\/\/www.elsapagano.it\/immagine\/\",\"name\":\"Elsa Pagano | News\",\"description\":\"News\",\"potentialAction\":[{\"@type\":\"SearchAction\",\"target\":{\"@type\":\"EntryPoint\",\"urlTemplate\":\"https:\/\/www.elsapagano.it\/immagine\/?s={search_term_string}\"},\"query-input\":{\"@type\":\"PropertyValueSpecification\",\"valueRequired\":true,\"valueName\":\"search_term_string\"}}],\"inLanguage\":\"it-IT\"},{\"@type\":\"Person\",\"@id\":\"https:\/\/www.elsapagano.it\/immagine\/#\/schema\/person\/0f84d49d110b2efde96049ab6be4517c\",\"name\":\"Elsa Consulente\",\"image\":{\"@type\":\"ImageObject\",\"inLanguage\":\"it-IT\",\"@id\":\"https:\/\/www.elsapagano.it\/immagine\/#\/schema\/person\/image\/\",\"url\":\"https:\/\/secure.gravatar.com\/avatar\/1e55e7487ae60d09ace466471129ea63a0745b28ed75d6b864c0e2beddee1903?s=96&d=mm&r=g\",\"contentUrl\":\"https:\/\/secure.gravatar.com\/avatar\/1e55e7487ae60d09ace466471129ea63a0745b28ed75d6b864c0e2beddee1903?s=96&d=mm&r=g\",\"caption\":\"Elsa Consulente\"}}]}<\/script>\n<!-- \/ Yoast SEO plugin. -->","yoast_head_json":{"title":"Milano Unica: tessuti e tendenze (primavera-estate 2020) | Elsa Pagano","robots":{"index":"index","follow":"follow","max-snippet":"max-snippet:-1","max-image-preview":"max-image-preview:large","max-video-preview":"max-video-preview:-1"},"canonical":"https:\/\/www.elsapagano.it\/immagine\/2019\/02\/20\/milano-unica-tessuti-e-tendenze-primavera-estate-2020\/","og_locale":"it_IT","og_type":"article","og_title":"Milano Unica: tessuti e tendenze (primavera-estate 2020) | Elsa Pagano","og_description":"Milano Unica \u00e8 una fiera dedicata al settore tessile, in cui sono presenti i pi\u00f9 importanti brand per qualit\u00e0 del servizio, innovazione e tradizione.La \u201crivoluzione sostenibile\u201d ha ridefinito i parametri...","og_url":"https:\/\/www.elsapagano.it\/immagine\/2019\/02\/20\/milano-unica-tessuti-e-tendenze-primavera-estate-2020\/","og_site_name":"Elsa Pagano","article_publisher":"https:\/\/www.facebook.com\/elsapaganoconsulentedimmagine\/","article_published_time":"2019-02-20T09:54:50+00:00","article_modified_time":"2019-02-20T10:09:17+00:00","og_image":[{"width":560,"height":315,"url":"https:\/\/www.elsapagano.it\/immagine\/wp-content\/uploads\/2019\/02\/SWAP-1.png","type":"image\/png"}],"author":"Elsa Consulente","twitter_card":"summary_large_image","twitter_misc":{"Scritto da":"Elsa Consulente","Tempo di lettura stimato":"1 minuto"},"schema":{"@context":"https:\/\/schema.org","@graph":[{"@type":"Article","@id":"https:\/\/www.elsapagano.it\/immagine\/2019\/02\/20\/milano-unica-tessuti-e-tendenze-primavera-estate-2020\/#article","isPartOf":{"@id":"https:\/\/www.elsapagano.it\/immagine\/2019\/02\/20\/milano-unica-tessuti-e-tendenze-primavera-estate-2020\/"},"author":{"name":"Elsa Consulente","@id":"https:\/\/www.elsapagano.it\/immagine\/#\/schema\/person\/0f84d49d110b2efde96049ab6be4517c"},"headline":"Milano Unica: tessuti e tendenze (primavera-estate 2020)","datePublished":"2019-02-20T09:54:50+00:00","dateModified":"2019-02-20T10:09:17+00:00","mainEntityOfPage":{"@id":"https:\/\/www.elsapagano.it\/immagine\/2019\/02\/20\/milano-unica-tessuti-e-tendenze-primavera-estate-2020\/"},"wordCount":259,"commentCount":0,"image":{"@id":"https:\/\/www.elsapagano.it\/immagine\/2019\/02\/20\/milano-unica-tessuti-e-tendenze-primavera-estate-2020\/#primaryimage"},"thumbnailUrl":"https:\/\/www.elsapagano.it\/immagine\/wp-content\/uploads\/2019\/02\/SWAP-1.png","keywords":["color palette","innovazione","sostenibilit\u00e0"],"articleSection":["News"],"inLanguage":"it-IT","potentialAction":[{"@type":"CommentAction","name":"Comment","target":["https:\/\/www.elsapagano.it\/immagine\/2019\/02\/20\/milano-unica-tessuti-e-tendenze-primavera-estate-2020\/#respond"]}]},{"@type":"WebPage","@id":"https:\/\/www.elsapagano.it\/immagine\/2019\/02\/20\/milano-unica-tessuti-e-tendenze-primavera-estate-2020\/","url":"https:\/\/www.elsapagano.it\/immagine\/2019\/02\/20\/milano-unica-tessuti-e-tendenze-primavera-estate-2020\/","name":"Milano Unica: tessuti e tendenze (primavera-estate 2020) | Elsa Pagano","isPartOf":{"@id":"https:\/\/www.elsapagano.it\/immagine\/#website"},"primaryImageOfPage":{"@id":"https:\/\/www.elsapagano.it\/immagine\/2019\/02\/20\/milano-unica-tessuti-e-tendenze-primavera-estate-2020\/#primaryimage"},"image":{"@id":"https:\/\/www.elsapagano.it\/immagine\/2019\/02\/20\/milano-unica-tessuti-e-tendenze-primavera-estate-2020\/#primaryimage"},"thumbnailUrl":"https:\/\/www.elsapagano.it\/immagine\/wp-content\/uploads\/2019\/02\/SWAP-1.png","datePublished":"2019-02-20T09:54:50+00:00","dateModified":"2019-02-20T10:09:17+00:00","author":{"@id":"https:\/\/www.elsapagano.it\/immagine\/#\/schema\/person\/0f84d49d110b2efde96049ab6be4517c"},"breadcrumb":{"@id":"https:\/\/www.elsapagano.it\/immagine\/2019\/02\/20\/milano-unica-tessuti-e-tendenze-primavera-estate-2020\/#breadcrumb"},"inLanguage":"it-IT","potentialAction":[{"@type":"ReadAction","target":["https:\/\/www.elsapagano.it\/immagine\/2019\/02\/20\/milano-unica-tessuti-e-tendenze-primavera-estate-2020\/"]}]},{"@type":"ImageObject","inLanguage":"it-IT","@id":"https:\/\/www.elsapagano.it\/immagine\/2019\/02\/20\/milano-unica-tessuti-e-tendenze-primavera-estate-2020\/#primaryimage","url":"https:\/\/www.elsapagano.it\/immagine\/wp-content\/uploads\/2019\/02\/SWAP-1.png","contentUrl":"https:\/\/www.elsapagano.it\/immagine\/wp-content\/uploads\/2019\/02\/SWAP-1.png","width":560,"height":315},{"@type":"BreadcrumbList","@id":"https:\/\/www.elsapagano.it\/immagine\/2019\/02\/20\/milano-unica-tessuti-e-tendenze-primavera-estate-2020\/#breadcrumb","itemListElement":[{"@type":"ListItem","position":1,"name":"Home","item":"https:\/\/www.elsapagano.it\/immagine\/"},{"@type":"ListItem","position":2,"name":"Milano Unica: tessuti e tendenze (primavera-estate 2020)"}]},{"@type":"WebSite","@id":"https:\/\/www.elsapagano.it\/immagine\/#website","url":"https:\/\/www.elsapagano.it\/immagine\/","name":"Elsa Pagano | News","description":"News","potentialAction":[{"@type":"SearchAction","target":{"@type":"EntryPoint","urlTemplate":"https:\/\/www.elsapagano.it\/immagine\/?s={search_term_string}"},"query-input":{"@type":"PropertyValueSpecification","valueRequired":true,"valueName":"search_term_string"}}],"inLanguage":"it-IT"},{"@type":"Person","@id":"https:\/\/www.elsapagano.it\/immagine\/#\/schema\/person\/0f84d49d110b2efde96049ab6be4517c","name":"Elsa Consulente","image":{"@type":"ImageObject","inLanguage":"it-IT","@id":"https:\/\/www.elsapagano.it\/immagine\/#\/schema\/person\/image\/","url":"https:\/\/secure.gravatar.com\/avatar\/1e55e7487ae60d09ace466471129ea63a0745b28ed75d6b864c0e2beddee1903?s=96&d=mm&r=g","contentUrl":"https:\/\/secure.gravatar.com\/avatar\/1e55e7487ae60d09ace466471129ea63a0745b28ed75d6b864c0e2beddee1903?s=96&d=mm&r=g","caption":"Elsa Consulente"}}]}},"_links":{"self":[{"href":"https:\/\/www.elsapagano.it\/immagine\/wp-json\/wp\/v2\/posts\/362","targetHints":{"allow":["GET"]}}],"collection":[{"href":"https:\/\/www.elsapagano.it\/immagine\/wp-json\/wp\/v2\/posts"}],"about":[{"href":"https:\/\/www.elsapagano.it\/immagine\/wp-json\/wp\/v2\/types\/post"}],"author":[{"embeddable":true,"href":"https:\/\/www.elsapagano.it\/immagine\/wp-json\/wp\/v2\/users\/1"}],"replies":[{"embeddable":true,"href":"https:\/\/www.elsapagano.it\/immagine\/wp-json\/wp\/v2\/comments?post=362"}],"version-history":[{"count":3,"href":"https:\/\/www.elsapagano.it\/immagine\/wp-json\/wp\/v2\/posts\/362\/revisions"}],"predecessor-version":[{"id":368,"href":"https:\/\/www.elsapagano.it\/immagine\/wp-json\/wp\/v2\/posts\/362\/revisions\/368"}],"wp:featuredmedia":[{"embeddable":true,"href":"https:\/\/www.elsapagano.it\/immagine\/wp-json\/wp\/v2\/media\/365"}],"wp:attachment":[{"href":"https:\/\/www.elsapagano.it\/immagine\/wp-json\/wp\/v2\/media?parent=362"}],"wp:term":[{"taxonomy":"category","embeddable":true,"href":"https:\/\/www.elsapagano.it\/immagine\/wp-json\/wp\/v2\/categories?post=362"},{"taxonomy":"post_tag","embeddable":true,"href":"https:\/\/www.elsapagano.it\/immagine\/wp-json\/wp\/v2\/tags?post=362"}],"curies":[{"name":"wp","href":"https:\/\/api.w.org\/{rel}","templated":true}]}}